{"id":6756,"date":"2026-09-02T03:02:55","date_gmt":"2026-09-02T03:02:55","guid":{"rendered":"https:\/\/www.sutyo.com\/peru-idb-ve-caf-ile-kalkinma-ve-yatirim-alanlarindaki-is-birligini-guclendiriyor\/"},"modified":"2026-09-02T03:02:55","modified_gmt":"2026-09-02T03:02:55","slug":"peru-idb-ve-caf-ile-kalkinma-ve-yatirim-alanlarindaki-is-birligini-guclendiriyor","status":"publish","type":"post","link":"https:\/\/www.sutyo.com\/tr\/peru-idb-ve-caf-ile-kalkinma-ve-yatirim-alanlarindaki-is-birligini-guclendiriyor\/","title":{"rendered":"Peru, IDB ve CAF ile Kalk\u0131nma ve Yat\u0131r\u0131m Alanlar\u0131ndaki \u0130\u015f Birli\u011fini G\u00fc\u00e7lendiriyor"},"content":{"rendered":"<div>\n<p style=\"text-align: justify;\">Peru, Amerikal\u0131lararas\u0131 Kalk\u0131nma Bankas\u0131 (IDB) ve Latin Amerika ve Karayipler Kalk\u0131nma Bankas\u0131 (CAF) ile y\u00fcr\u00fctmekte oldu\u011fu i\u015f birlikleri \u00e7er\u00e7evesinde stratejik yat\u0131r\u0131mlar\u0131n h\u0131zland\u0131r\u0131lmas\u0131, altyap\u0131n\u0131n geli\u015ftirilmesi, \u00fcretken sekt\u00f6rlerin desteklenmesi ve \u00fclkenin iklim kaynakl\u0131 risklere kar\u015f\u0131 dayan\u0131kl\u0131l\u0131\u011f\u0131n\u0131n art\u0131r\u0131lmas\u0131na y\u00f6nelik \u00e7al\u0131\u015fmalar\u0131n\u0131 s\u00fcrd\u00fcrmektedir.<\/p>\n<p style=\"text-align: justify;\">CAF ile Peru aras\u0131ndaki i\u015f birli\u011finde altyap\u0131, ula\u015ft\u0131rma, \u00fcretim, turizm, su ve sanitasyon, \u00e7evre ile iklim de\u011fi\u015fikli\u011fine kar\u015f\u0131 dayan\u0131kl\u0131l\u0131\u011f\u0131n g\u00fc\u00e7lendirilmesi \u00f6ncelikli alanlar aras\u0131nda yer almaktad\u0131r. CAF, Peru H\u00fck\u00fcmeti taraf\u0131ndan belirlenen \u00f6nceliklerin somut projelere d\u00f6n\u00fc\u015ft\u00fcr\u00fclmesine y\u00f6nelik finansman, teknik uzmanl\u0131k ve kurumsal kapasitenin geli\u015ftirilmesine ili\u015fkin deste\u011fini s\u00fcrd\u00fcrece\u011fini a\u00e7\u0131klam\u0131\u015ft\u0131r.\u00a0<\/p>\n<p style=\"text-align: justify;\">CAF&#8217;\u0131n Peru&#8217;daki faaliyetlerinde teknik i\u015f birlikleri \u00f6nemli bir yer tutmaktad\u0131r. CAF&#8217;\u0131n 2024 Y\u0131l\u0131 Raporu&#8217;na g\u00f6re, Peru&#8217;da 10 kar\u015f\u0131l\u0131ks\u0131z teknik i\u015f birli\u011fi operasyonu i\u00e7in yakla\u015f\u0131k\u00a04,2 milyon ABD dolar\u0131\u00a0tutar\u0131nda kaynak onaylanm\u0131\u015ft\u0131r. S\u00f6z konusu operasyonlar kapsam\u0131nda, Chancay Liman\u0131&#8217;n\u0131n etkiledi\u011fi b\u00f6lgelerde b\u00f6lgesel ve kentsel kalk\u0131nman\u0131n desteklenmesinin yan\u0131 s\u0131ra turizm y\u00f6netiminin geli\u015ftirilmesi, kamu kurumlar\u0131na duyulan g\u00fcvenin \u00f6l\u00e7\u00fclmesi ve kurumsal kapasitenin g\u00fc\u00e7lendirilmesine y\u00f6nelik \u00e7al\u0131\u015fmalar ger\u00e7ekle\u015ftirilmi\u015ftir.<\/p>\n<p style=\"text-align: justify;\">CAF, 2026 y\u0131l\u0131nda da Peru ile teknik i\u015f birli\u011fini g\u00fc\u00e7lendirmeye devam etmi\u015ftir. Mart 2026&#8217;da CAF ile Peru H\u00fck\u00fcmeti ve \u00e7e\u015fitli kamu kurumlar\u0131 aras\u0131nda\u00a011 milyon ABD dolar\u0131n\u0131n \u00fczerinde tutarda teknik i\u015f birli\u011fi anla\u015fmalar\u0131 imzalanm\u0131\u015ft\u0131r. S\u00f6z konusu anla\u015fmalar, altyap\u0131, ula\u015ft\u0131rma, sa\u011fl\u0131k, \u00e7evre, \u00fcretim, adalet, mali s\u00fcrd\u00fcr\u00fclebilirlik ve kurumsal kapasitenin g\u00fc\u00e7lendirilmesi ba\u015fta olmak \u00fczere \u00e7e\u015fitli alanlar\u0131 kapsamaktad\u0131r.<\/p>\n<p style=\"text-align: justify;\">IDB ile y\u00fcr\u00fct\u00fclen i\u015f birli\u011fi kapsam\u0131nda ise Peru&#8217;nun kalk\u0131nma, yat\u0131r\u0131m, iklim dayan\u0131kl\u0131l\u0131\u011f\u0131 ve g\u00fcvenlik alanlar\u0131ndaki \u00f6nceliklerine y\u00f6nelik \u00e7al\u0131\u015fmalar devam etmektedir. IDB\u00a0ayr\u0131ca afet risklerinin azalt\u0131lmas\u0131 ve iklim kaynakl\u0131 acil durumlara haz\u0131rl\u0131k kapasitesinin geli\u015ftirilmesine y\u00f6nelik olarak Peru&#8217;ya teknik ve finansal destek sa\u011flamaktad\u0131r. Bu kapsamda, Peru&#8217;nun ulusal erken uyar\u0131 sistemlerinin geli\u015ftirilmesi, tsunami risklerine y\u00f6nelik erken uyar\u0131 mekanizmalar\u0131n\u0131n g\u00fc\u00e7lendirilmesi ve buzul kaynakl\u0131 afet risklerinin y\u00f6netilmesine y\u00f6nelik \u00e7al\u0131\u015fmalar y\u00fcr\u00fct\u00fclmektedir.<\/p>\n<p style=\"text-align: justify;\">Bununla birlikte, g\u00fcvenlik alan\u0131 da IDB ile y\u00fcr\u00fct\u00fclen b\u00f6lgesel i\u015f birli\u011finin \u00f6nemli ba\u015fl\u0131klar\u0131ndan birini olu\u015fturmaktad\u0131r. Peru, IDB&#8217;nin Latin Amerika ve Karayipler&#8217;de g\u00fcvenlik alan\u0131ndaki finansman ve teknik destek \u00e7al\u0131\u015fmalar\u0131ndan yararlanan \u00fclkeler aras\u0131nda yer almaktad\u0131r.<\/p>\n<p style=\"text-align: justify;\">BID ve CAF ile s\u00fcrd\u00fcr\u00fclen s\u00f6z konusu i\u015f birliklerinin; Peru&#8217;nun altyap\u0131 kapasitesinin geli\u015ftirilmesine, kamu kurumlar\u0131n\u0131n proje geli\u015ftirme ve uygulama kapasitesinin g\u00fc\u00e7lendirilmesine, \u00f6zel yat\u0131r\u0131mlar\u0131n te\u015fvik edilmesine ve \u00fclkenin iklim de\u011fi\u015fikli\u011fi ile di\u011fer d\u0131\u015f \u015foklara kar\u015f\u0131 dayan\u0131kl\u0131l\u0131\u011f\u0131n\u0131n art\u0131r\u0131lmas\u0131na \u00f6nemli katk\u0131lar sa\u011flamas\u0131 beklenmektedir.<\/p>\n<\/div>","protected":false},"excerpt":{"rendered":"<p>Peru, Amerikal\u0131lararas\u0131 Kalk\u0131nma Bankas\u0131 (IDB) ve Latin Amerika ve Karayipler Kalk\u0131nma Bankas\u0131 (CAF) ile y\u00fcr\u00fctmekte oldu\u011fu i\u015f birlikleri \u00e7er\u00e7evesinde stratejik yat\u0131r\u0131mlar\u0131n h\u0131zland\u0131r\u0131lmas\u0131, altyap\u0131n\u0131n geli\u015ftirilmesi, \u00fcretken sekt\u00f6rlerin desteklenmesi ve \u00fclkenin iklim kaynakl\u0131 risklere kar\u015f\u0131 dayan\u0131kl\u0131l\u0131\u011f\u0131n\u0131n art\u0131r\u0131lmas\u0131na y\u00f6nelik \u00e7al\u0131\u015fmalar\u0131n\u0131 s\u00fcrd\u00fcrmektedir. CAF ile Peru aras\u0131ndaki i\u015f birli\u011finde altyap\u0131, ula\u015ft\u0131rma, \u00fcretim, turizm, su ve sanitasyon, \u00e7evre ile iklim de\u011fi\u015fikli\u011fine &hellip; <a href=\"https:\/\/www.sutyo.com\/tr\/peru-idb-ve-caf-ile-kalkinma-ve-yatirim-alanlarindaki-is-birligini-guclendiriyor\/\" class=\"more-link\">Okumaya devam et<span class=\"screen-reader-text\"> &#8220;Peru, IDB ve CAF ile Kalk\u0131nma ve Yat\u0131r\u0131m Alanlar\u0131ndaki \u0130\u015f Birli\u011fini G\u00fc\u00e7lendiriyor&#8221;<\/span><\/a><\/p>","protected":false},"author":1271,"featured_media":0,"comment_status":"closed","ping_status":"closed","sticky":false,"template":"","format":"standard","meta":{"_exactmetrics_skip_tracking":false,"_exactmetrics_sitenote_active":false,"_exactmetrics_sitenote_note":"","_exactmetrics_sitenote_category":0,"footnotes":""},"categories":[393],"tags":[],"class_list":["post-6756","post","type-post","status-publish","format-standard","hentry","category-hayvancilik"],"aioseo_notices":[],"_links":{"self":[{"href":"https:\/\/www.sutyo.com\/tr\/wp-json\/wp\/v2\/posts\/6756","targetHints":{"allow":["GET"]}}],"collection":[{"href":"https:\/\/www.sutyo.com\/tr\/wp-json\/wp\/v2\/posts"}],"about":[{"href":"https:\/\/www.sutyo.com\/tr\/wp-json\/wp\/v2\/types\/post"}],"author":[{"embeddable":true,"href":"https:\/\/www.sutyo.com\/tr\/wp-json\/wp\/v2\/users\/1271"}],"replies":[{"embeddable":true,"href":"https:\/\/www.sutyo.com\/tr\/wp-json\/wp\/v2\/comments?post=6756"}],"version-history":[{"count":0,"href":"https:\/\/www.sutyo.com\/tr\/wp-json\/wp\/v2\/posts\/6756\/revisions"}],"wp:attachment":[{"href":"https:\/\/www.sutyo.com\/tr\/wp-json\/wp\/v2\/media?parent=6756"}],"wp:term":[{"taxonomy":"category","embeddable":true,"href":"https:\/\/www.sutyo.com\/tr\/wp-json\/wp\/v2\/categories?post=6756"},{"taxonomy":"post_tag","embeddable":true,"href":"https:\/\/www.sutyo.com\/tr\/wp-json\/wp\/v2\/tags?post=6756"}],"curies":[{"name":"wp","href":"https:\/\/api.w.org\/{rel}","templated":true}]}}