{"id":6754,"date":"2026-09-02T03:02:53","date_gmt":"2026-09-02T03:02:53","guid":{"rendered":"https:\/\/www.sutyo.com\/guney-afrika-cumhuriyeti-ticaret-fazlasi-yukselmektedir\/"},"modified":"2026-09-02T03:02:53","modified_gmt":"2026-09-02T03:02:53","slug":"guney-afrika-cumhuriyeti-ticaret-fazlasi-yukselmektedir","status":"publish","type":"post","link":"https:\/\/www.sutyo.com\/tr\/guney-afrika-cumhuriyeti-ticaret-fazlasi-yukselmektedir\/","title":{"rendered":"G\u00fcney Afrika Cumhuriyeti Ticaret Fazlas\u0131 Y\u00fckselmektedir"},"content":{"rendered":"<div>\n<p>G\u00fcney Afrika&#8217;n\u0131n Temmuz ay\u0131ndaki ticaret fazlas\u0131 20,1 milyar Rand&#8217;a y\u00fckselmi\u015ftir. Ticaret fazlas\u0131 Temmuz ay\u0131nda Haziran ay\u0131ndaki revize rakam olan 17,2 milyar Rand&#8217;l\u0131k miktarla kar\u015f\u0131la\u015ft\u0131r\u0131ld\u0131\u011f\u0131nda \u00f6nemli \u00f6l\u00e7\u00fcde artm\u0131\u015ft\u0131r. Bu art\u0131\u015f, Afrika \u00fclkeleriyle olan g\u00fc\u00e7l\u00fc pozitif denge sayesinde ger\u00e7ekle\u015fmi\u015ftir. Ulusal Gelir Servisi&#8217;nin (SARS) 31 A\u011fustos g\u00fcn\u00fc a\u00e7\u0131klad\u0131\u011f\u0131 verilere g\u00f6re, ihracat ay boyunca %0,8 artarak 194 milyar Rand&#8217;a ula\u015f\u0131rken, ithalat %0,8 azalarak 173,8 milyar Rand&#8217;a gerilemi\u015ftir. \u0130hracat\u0131n ana itici g\u00fc\u00e7leri binek otomobiller, manganez cevheri ve konsantreleri ile k\u00f6m\u00fcr olmu\u015ftur. \u0130thalat ise petrol \u00fcr\u00fcnleri, ham petrol ve ak\u0131ll\u0131 telefon ithalat\u0131ndaki d\u00fc\u015f\u00fc\u015f nedeniyle azalm\u0131\u015ft\u0131r.<\/p>\n<\/div>","protected":false},"excerpt":{"rendered":"<p>G\u00fcney Afrika&#8217;n\u0131n Temmuz ay\u0131ndaki ticaret fazlas\u0131 20,1 milyar Rand&#8217;a y\u00fckselmi\u015ftir. Ticaret fazlas\u0131 Temmuz ay\u0131nda Haziran ay\u0131ndaki revize rakam olan 17,2 milyar Rand&#8217;l\u0131k miktarla kar\u015f\u0131la\u015ft\u0131r\u0131ld\u0131\u011f\u0131nda \u00f6nemli \u00f6l\u00e7\u00fcde artm\u0131\u015ft\u0131r. Bu art\u0131\u015f, Afrika \u00fclkeleriyle olan g\u00fc\u00e7l\u00fc pozitif denge sayesinde ger\u00e7ekle\u015fmi\u015ftir. Ulusal Gelir Servisi&#8217;nin (SARS) 31 A\u011fustos g\u00fcn\u00fc a\u00e7\u0131klad\u0131\u011f\u0131 verilere g\u00f6re, ihracat ay boyunca %0,8 artarak 194 milyar Rand&#8217;a &hellip; <a href=\"https:\/\/www.sutyo.com\/tr\/guney-afrika-cumhuriyeti-ticaret-fazlasi-yukselmektedir\/\" class=\"more-link\">Okumaya devam et<span class=\"screen-reader-text\"> &#8220;G\u00fcney Afrika Cumhuriyeti Ticaret Fazlas\u0131 Y\u00fckselmektedir&#8221;<\/span><\/a><\/p>","protected":false},"author":1271,"featured_media":0,"comment_status":"closed","ping_status":"closed","sticky":false,"template":"","format":"standard","meta":{"_exactmetrics_skip_tracking":false,"_exactmetrics_sitenote_active":false,"_exactmetrics_sitenote_note":"","_exactmetrics_sitenote_category":0,"footnotes":""},"categories":[393],"tags":[],"class_list":["post-6754","post","type-post","status-publish","format-standard","hentry","category-hayvancilik"],"aioseo_notices":[],"_links":{"self":[{"href":"https:\/\/www.sutyo.com\/tr\/wp-json\/wp\/v2\/posts\/6754","targetHints":{"allow":["GET"]}}],"collection":[{"href":"https:\/\/www.sutyo.com\/tr\/wp-json\/wp\/v2\/posts"}],"about":[{"href":"https:\/\/www.sutyo.com\/tr\/wp-json\/wp\/v2\/types\/post"}],"author":[{"embeddable":true,"href":"https:\/\/www.sutyo.com\/tr\/wp-json\/wp\/v2\/users\/1271"}],"replies":[{"embeddable":true,"href":"https:\/\/www.sutyo.com\/tr\/wp-json\/wp\/v2\/comments?post=6754"}],"version-history":[{"count":0,"href":"https:\/\/www.sutyo.com\/tr\/wp-json\/wp\/v2\/posts\/6754\/revisions"}],"wp:attachment":[{"href":"https:\/\/www.sutyo.com\/tr\/wp-json\/wp\/v2\/media?parent=6754"}],"wp:term":[{"taxonomy":"category","embeddable":true,"href":"https:\/\/www.sutyo.com\/tr\/wp-json\/wp\/v2\/categories?post=6754"},{"taxonomy":"post_tag","embeddable":true,"href":"https:\/\/www.sutyo.com\/tr\/wp-json\/wp\/v2\/tags?post=6754"}],"curies":[{"name":"wp","href":"https:\/\/api.w.org\/{rel}","templated":true}]}}