{"id":6746,"date":"2026-09-02T03:02:46","date_gmt":"2026-09-02T03:02:46","guid":{"rendered":"https:\/\/www.sutyo.com\/africa-food-systems-forum-2026-kigalide-basliyor\/"},"modified":"2026-09-02T03:02:46","modified_gmt":"2026-09-02T03:02:46","slug":"africa-food-systems-forum-2026-kigalide-basliyor","status":"publish","type":"post","link":"https:\/\/www.sutyo.com\/tr\/africa-food-systems-forum-2026-kigalide-basliyor\/","title":{"rendered":"Africa Food Systems Forum 2026 Kigali&#8217;de Ba\u015fl\u0131yor"},"content":{"rendered":"<div>\n<p><strong>Africa Food Systems Forum 2026: <\/strong>Afrika&#8217;n\u0131n tar\u0131m ve g\u0131da sistemlerinin d\u00f6n\u00fc\u015f\u00fcm\u00fcne y\u00f6nelik en \u00f6nemli yat\u0131r\u0131m ve politika platformlar\u0131ndan biri olan Africa Food Systems Forum (AFS Forum) 2026, 31 A\u011fustos\u20134 Eyl\u00fcl 2026 tarihlerinde Kigali Convention Centre&#8217;da ger\u00e7ekle\u015ftirilecektir. \u201cInvesting in Africa&#8217;s Agri-Food Systems: Nourishing Nations, Growing Jobs, Building Resilience\u201d temas\u0131yla d\u00fczenlenen Forum&#8217;a 50&#8217;den fazla \u00fclkeden 5.000&#8217;in \u00fczerinde kat\u0131l\u0131mc\u0131n\u0131n kat\u0131lmas\u0131 beklenmektedir. Etkinlik kapsam\u0131nda h\u00fck\u00fcmetler, kalk\u0131nma finans kurulu\u015flar\u0131, yat\u0131r\u0131mc\u0131lar, \u00f6zel sekt\u00f6r temsilcileri, tar\u0131m-g\u0131da i\u015fletmeleri ve teknoloji \u015firketleri bir araya gelmekte; yat\u0131r\u0131m zirveleri, \u201cdeal room\u201d g\u00f6r\u00fc\u015fmeleri ve finansman odakl\u0131 toplant\u0131lar ger\u00e7ekle\u015ftirilmektedir.<\/p>\n<p>\u00a0<\/p>\n<\/div>","protected":false},"excerpt":{"rendered":"<p>Africa Food Systems Forum 2026: Afrika&#8217;n\u0131n tar\u0131m ve g\u0131da sistemlerinin d\u00f6n\u00fc\u015f\u00fcm\u00fcne y\u00f6nelik en \u00f6nemli yat\u0131r\u0131m ve politika platformlar\u0131ndan biri olan Africa Food Systems Forum (AFS Forum) 2026, 31 A\u011fustos\u20134 Eyl\u00fcl 2026 tarihlerinde Kigali Convention Centre&#8217;da ger\u00e7ekle\u015ftirilecektir. \u201cInvesting in Africa&#8217;s Agri-Food Systems: Nourishing Nations, Growing Jobs, Building Resilience\u201d temas\u0131yla d\u00fczenlenen Forum&#8217;a 50&#8217;den fazla \u00fclkeden 5.000&#8217;in \u00fczerinde &hellip; <a href=\"https:\/\/www.sutyo.com\/tr\/africa-food-systems-forum-2026-kigalide-basliyor\/\" class=\"more-link\">Okumaya devam et<span class=\"screen-reader-text\"> &#8220;Africa Food Systems Forum 2026 Kigali&#8217;de Ba\u015fl\u0131yor&#8221;<\/span><\/a><\/p>","protected":false},"author":1271,"featured_media":0,"comment_status":"closed","ping_status":"closed","sticky":false,"template":"","format":"standard","meta":{"_exactmetrics_skip_tracking":false,"_exactmetrics_sitenote_active":false,"_exactmetrics_sitenote_note":"","_exactmetrics_sitenote_category":0,"footnotes":""},"categories":[393],"tags":[],"class_list":["post-6746","post","type-post","status-publish","format-standard","hentry","category-hayvancilik"],"aioseo_notices":[],"_links":{"self":[{"href":"https:\/\/www.sutyo.com\/tr\/wp-json\/wp\/v2\/posts\/6746","targetHints":{"allow":["GET"]}}],"collection":[{"href":"https:\/\/www.sutyo.com\/tr\/wp-json\/wp\/v2\/posts"}],"about":[{"href":"https:\/\/www.sutyo.com\/tr\/wp-json\/wp\/v2\/types\/post"}],"author":[{"embeddable":true,"href":"https:\/\/www.sutyo.com\/tr\/wp-json\/wp\/v2\/users\/1271"}],"replies":[{"embeddable":true,"href":"https:\/\/www.sutyo.com\/tr\/wp-json\/wp\/v2\/comments?post=6746"}],"version-history":[{"count":0,"href":"https:\/\/www.sutyo.com\/tr\/wp-json\/wp\/v2\/posts\/6746\/revisions"}],"wp:attachment":[{"href":"https:\/\/www.sutyo.com\/tr\/wp-json\/wp\/v2\/media?parent=6746"}],"wp:term":[{"taxonomy":"category","embeddable":true,"href":"https:\/\/www.sutyo.com\/tr\/wp-json\/wp\/v2\/categories?post=6746"},{"taxonomy":"post_tag","embeddable":true,"href":"https:\/\/www.sutyo.com\/tr\/wp-json\/wp\/v2\/tags?post=6746"}],"curies":[{"name":"wp","href":"https:\/\/api.w.org\/{rel}","templated":true}]}}