{"id":6739,"date":"2026-09-02T03:02:35","date_gmt":"2026-09-02T03:02:35","guid":{"rendered":"https:\/\/www.sutyo.com\/tunusta-siselenmis-su-tedarikinde-yasanan-sikintilar\/"},"modified":"2026-09-02T03:02:35","modified_gmt":"2026-09-02T03:02:35","slug":"tunusta-siselenmis-su-tedarikinde-yasanan-sikintilar","status":"publish","type":"post","link":"https:\/\/www.sutyo.com\/tr\/tunusta-siselenmis-su-tedarikinde-yasanan-sikintilar\/","title":{"rendered":"Tunus\u2019ta \u015ei\u015felenmi\u015f Su Tedarikinde Ya\u015fanan S\u0131k\u0131nt\u0131lar"},"content":{"rendered":"<div>\n<p>Tunus, 2026 yaz\u0131nda birbirini takip eden iki temel arz sorunuyla kar\u015f\u0131 kar\u015f\u0131ya kalm\u0131\u015ft\u0131r. A\u015f\u0131r\u0131 s\u0131caklar\u0131n etkisiyle elektrik talebinde ya\u015fanan h\u0131zl\u0131 art\u0131\u015f, STEG <strong>(Tunus Elektrik ve Gaz \u015eirketi)<\/strong> taraf\u0131ndan uygulanan d\u00f6n\u00fc\u015f\u00fcml\u00fc elektrik kesintilerini beraberinde getirirken ayn\u0131 d\u00f6nemde \u015fi\u015felenmi\u015f suyun da\u011f\u0131t\u0131m\u0131nda da ciddi s\u0131k\u0131nt\u0131lar ortaya \u00e7\u0131km\u0131\u015ft\u0131r. Elektrik kesintilerinin baz\u0131 su \u00fcretim tesislerinin faaliyetlerini aksatmas\u0131, y\u00fcksek s\u0131cakl\u0131klar\u0131n su talebini art\u0131rmas\u0131 ve da\u011f\u0131t\u0131m zincirindeki sorunlar, \u015fi\u015felenmi\u015f suya eri\u015fimi daha da g\u00fc\u00e7le\u015ftirmi\u015ftir. Nitekim temmuz ay\u0131 sonunda Tunus\u2019taki b\u00fcy\u00fck ticari marketler, ellerindeki \u015fi\u015felenmi\u015f su stoklar\u0131n\u0131n h\u0131zla t\u00fckendi\u011fini a\u00e7\u0131klam\u0131\u015ft\u0131r. \u00dcretim tesislerindeki elektrik kesintilerinin \u00fcretim kapasitesini de olumsuz etkiledi\u011fi bildirilmi\u015ftir.<\/p>\n<p>A\u011fustos ay\u0131nda sorun daha g\u00f6r\u00fcn\u00fcr hale gelmi\u015f, marketlerde ve sat\u0131\u015f noktalar\u0131nda \u015fi\u015felenmi\u015f su bulmak g\u00fc\u00e7le\u015firken t\u00fcketiciler aras\u0131nda stoklama e\u011filimi ve panik al\u0131mlar\u0131 g\u00f6r\u00fclm\u00fc\u015ft\u00fcr. Baz\u0131 b\u00f6lgelerde su da\u011f\u0131t\u0131m\u0131n\u0131n g\u00fcvenlik g\u00fc\u00e7lerinin g\u00f6zetiminde ger\u00e7ekle\u015ftirilmesi ve uzun kuyruklar\u0131n olu\u015fmas\u0131, meselenin yaln\u0131zca ticari bir arz sorunu olmaktan \u00e7\u0131karak toplumsal bir hassasiyete d\u00f6n\u00fc\u015ft\u00fc\u011f\u00fcn\u00fc g\u00f6stermi\u015ftir. Tunus \u00e7evrimi\u00e7i haber platformu Kapitalis\u2019in 30 A\u011fustos 2026 tarihli yaz\u0131s\u0131nda da bu tablo, elektrik ve su kesintileriyle birlikte daha geni\u015f bir \u201carz g\u00fcvenli\u011fi\u201d sorunu \u00e7er\u00e7evesinde ele al\u0131nmaktad\u0131r. S\u00f6z konusu yaz\u0131da, \u015fi\u015felenmi\u015f su s\u0131k\u0131nt\u0131s\u0131n\u0131n yaln\u0131zca ge\u00e7ici bir da\u011f\u0131t\u0131m problemi olmad\u0131\u011f\u0131, Tunus\u2019un uzun s\u00fcredir devam eden su stresi, altyap\u0131 eksiklikleri, iklim ko\u015fullar\u0131 ve enerji politikalar\u0131yla birlikte de\u011ferlendirilmesi gerekti\u011fi ileri s\u00fcr\u00fclmektedir. Yaz\u0131 ayr\u0131ca, k\u0131sa vadeli tedbirlerin \u00f6tesine ge\u00e7ilerek deniz suyunun ar\u0131t\u0131lmas\u0131 ve g\u00fcne\u015f enerjisine dayal\u0131 kal\u0131c\u0131 \u00e7\u00f6z\u00fcmlerin geli\u015ftirilmesini savunmaktad\u0131r.<\/p>\n<p>Kaynak:<\/p>\n<p><a href=\"https:\/\/kapitalis.com\/tunisie\/2026\/08\/30\/dune-penurie-lautre-lesprit-en-bouteille-ou-la-peur-soluble-dans-leau\/?utm_source=chatgpt.com\" target=\"_new\">https:\/\/kapitalis.com\/tunisie\/2026\/08\/30\/dune-penurie-lautre-lesprit-en-bouteille-ou-la-peur-soluble-dans-leau\/<\/a>,<\/p>\n<p><a href=\"https:\/\/kapitalis.com\/tunisie\/2026\/08\/29\/penurie-deau-embouteillee-mais-que-fait-le-gouvernement\/?utm_source=chatgpt.com\" target=\"_new\">https:\/\/kapitalis.com\/tunisie\/2026\/08\/29\/penurie-deau-embouteillee-mais-que-fait-le-gouvernement\/<\/a>,<\/p>\n<p><a href=\"https:\/\/www.lapresse.tn\/2026\/08\/29\/penurie-deau-et-si-le-phenomene-etait-global-et-structurel\/?utm_source=chatgpt.com\" target=\"_new\">https:\/\/www.lapresse.tn\/2026\/08\/29\/penurie-deau-et-si-le-phenomene-etait-global-et-structurel\/<\/a><\/p>\n<p><a href=\"https:\/\/www.lapresse.tn\/2026\/08\/29\/eau-minerale-speculation-penurie-ou-demande-record-les-producteurs-sexpliquent\/?utm_source=chatgpt.com\" target=\"_new\">https:\/\/www.lapresse.tn\/2026\/08\/29\/eau-minerale-speculation-penurie-ou-demande-record-les-producteurs-sexpliquent\/<\/a><\/p>\n<p><a href=\"https:\/\/businessnews.com.tn\/2026\/08\/28\/penurie-deau-minerale-un-camion-de-livraison-pris-dassaut-par-des-citoyens\/1415948\/?utm_source=chatgpt.com\" target=\"_new\">https:\/\/businessnews.com.tn\/2026\/08\/28\/penurie-deau-minerale-un-camion-de-livraison-pris-dassaut-par-des-citoyens\/1415948\/<\/a><\/p>\n<p><a href=\"https:\/\/businessnews.com.tn\/2026\/08\/27\/eau-minerale-face-aux-penuries-le-ministere-du-commerce-mise-surtout-sur-les-controles-et-le-retour-a-la-normale\/1415715\/?utm_source=chatgpt.com\" target=\"_new\">https:\/\/businessnews.com.tn\/2026\/08\/27\/eau-minerale-face-aux-penuries-le-ministere-du-commerce-mise-surtout-sur-les-controles-et-le-retour-a-la-normale\/1415715\/<\/a><\/p>\n<\/div>","protected":false},"excerpt":{"rendered":"<p>Tunus, 2026 yaz\u0131nda birbirini takip eden iki temel arz sorunuyla kar\u015f\u0131 kar\u015f\u0131ya kalm\u0131\u015ft\u0131r. A\u015f\u0131r\u0131 s\u0131caklar\u0131n etkisiyle elektrik talebinde ya\u015fanan h\u0131zl\u0131 art\u0131\u015f, STEG (Tunus Elektrik ve Gaz \u015eirketi) taraf\u0131ndan uygulanan d\u00f6n\u00fc\u015f\u00fcml\u00fc elektrik kesintilerini beraberinde getirirken ayn\u0131 d\u00f6nemde \u015fi\u015felenmi\u015f suyun da\u011f\u0131t\u0131m\u0131nda da ciddi s\u0131k\u0131nt\u0131lar ortaya \u00e7\u0131km\u0131\u015ft\u0131r. Elektrik kesintilerinin baz\u0131 su \u00fcretim tesislerinin faaliyetlerini aksatmas\u0131, y\u00fcksek s\u0131cakl\u0131klar\u0131n su &hellip; <a href=\"https:\/\/www.sutyo.com\/tr\/tunusta-siselenmis-su-tedarikinde-yasanan-sikintilar\/\" class=\"more-link\">Okumaya devam et<span class=\"screen-reader-text\"> &#8220;Tunus\u2019ta \u015ei\u015felenmi\u015f Su Tedarikinde Ya\u015fanan S\u0131k\u0131nt\u0131lar&#8221;<\/span><\/a><\/p>","protected":false},"author":1271,"featured_media":0,"comment_status":"closed","ping_status":"closed","sticky":false,"template":"","format":"standard","meta":{"_exactmetrics_skip_tracking":false,"_exactmetrics_sitenote_active":false,"_exactmetrics_sitenote_note":"","_exactmetrics_sitenote_category":0,"footnotes":""},"categories":[393],"tags":[],"class_list":["post-6739","post","type-post","status-publish","format-standard","hentry","category-hayvancilik"],"aioseo_notices":[],"_links":{"self":[{"href":"https:\/\/www.sutyo.com\/tr\/wp-json\/wp\/v2\/posts\/6739","targetHints":{"allow":["GET"]}}],"collection":[{"href":"https:\/\/www.sutyo.com\/tr\/wp-json\/wp\/v2\/posts"}],"about":[{"href":"https:\/\/www.sutyo.com\/tr\/wp-json\/wp\/v2\/types\/post"}],"author":[{"embeddable":true,"href":"https:\/\/www.sutyo.com\/tr\/wp-json\/wp\/v2\/users\/1271"}],"replies":[{"embeddable":true,"href":"https:\/\/www.sutyo.com\/tr\/wp-json\/wp\/v2\/comments?post=6739"}],"version-history":[{"count":0,"href":"https:\/\/www.sutyo.com\/tr\/wp-json\/wp\/v2\/posts\/6739\/revisions"}],"wp:attachment":[{"href":"https:\/\/www.sutyo.com\/tr\/wp-json\/wp\/v2\/media?parent=6739"}],"wp:term":[{"taxonomy":"category","embeddable":true,"href":"https:\/\/www.sutyo.com\/tr\/wp-json\/wp\/v2\/categories?post=6739"},{"taxonomy":"post_tag","embeddable":true,"href":"https:\/\/www.sutyo.com\/tr\/wp-json\/wp\/v2\/tags?post=6739"}],"curies":[{"name":"wp","href":"https:\/\/api.w.org\/{rel}","templated":true}]}}