{"id":6733,"date":"2026-09-02T03:02:30","date_gmt":"2026-09-02T03:02:30","guid":{"rendered":"https:\/\/www.sutyo.com\/140-kanton-fuari-ana-temasi\/"},"modified":"2026-09-02T03:02:30","modified_gmt":"2026-09-02T03:02:30","slug":"140-kanton-fuari-ana-temasi","status":"publish","type":"post","link":"https:\/\/www.sutyo.com\/tr\/140-kanton-fuari-ana-temasi\/","title":{"rendered":"140. Kanton Fuar\u0131 Ana Temas\u0131"},"content":{"rendered":"<div>\n<p>140. Kanton Fuar\u0131, \u00a015 Ekim &#8211; 4 Kas\u0131m 2026 tarihleri aras\u0131nda Guangzhou&#8217;da d\u00fczenlenecek olup, ilk kez &#8220;S\u00fcrd\u00fcr\u00fclebilir Enerji ve Karbon Ticareti&#8221; ana temas\u0131yla ger\u00e7ekle\u015ftirilecektir. Bu kapsamda, 200&#8217;den fazla uluslararas\u0131 firmaya \u00f6zel lojistik ve konaklama indirimleri sunulacak ve fuar boyunca K\u00fcresel Tedarik Zinciri Zirvesi d\u00fczenlenecektir.\u00a0S\u00f6z konusu fuar\u0131n ana temas\u0131, k\u00fcresel iklim de\u011fi\u015fikli\u011fiyle m\u00fccadele ve s\u00fcrd\u00fcr\u00fclebilir kalk\u0131nma hedefleriyle uyumlu olarak &#8220;S\u00fcrd\u00fcr\u00fclebilir Enerji ve Karbon Ticareti&#8221; olarak belirlenmi\u015ftir. Fuar kapsam\u0131nda, yeni enerji kaynaklar\u0131, yeni enerji ara\u00e7lar\u0131, ak\u0131ll\u0131 mobilite \u00e7\u00f6z\u00fcmleri ve ye\u015fil teknoloji \u00fcr\u00fcnleri geni\u015f bir \u015fekilde sergilenecektir. Kat\u0131l\u0131mc\u0131 firmalar\u0131n lojistik ve konaklama maliyetlerini azaltmak amac\u0131yla, \u00f6zellikle uluslararas\u0131 al\u0131c\u0131lar i\u00e7in \u00f6zel indirim paketleri haz\u0131rlanm\u0131\u015ft\u0131r; bu paketler, havayolu bileti indirimlerinden otel konaklama fiyatlar\u0131na, g\u00fcmr\u00fck i\u015flemlerinin h\u0131zland\u0131r\u0131lmas\u0131ndan liman lojistik hizmetlerine kadar geni\u015f bir yelpazeyi kapsamaktad\u0131r. Ayr\u0131ca, fuar organizasyonu kapsam\u0131nda uluslararas\u0131 i\u015f insanlar\u0131n\u0131n do\u011frudan \u00fcretici firmalarla bir araya gelmesini sa\u011flayacak i\u015f ba\u011flant\u0131 etkinlikleri, sekt\u00f6rel forumlar ve yeni \u00fcr\u00fcn lansmanlar\u0131 da planlanmaktad\u0131r. Fuar boyunca d\u00fczenlenecek K\u00fcresel Tedarik Zinciri Zirvesi ise k\u00fcresel ticaret ak\u0131\u015flar\u0131n\u0131n yeniden yap\u0131land\u0131r\u0131lmas\u0131 ve tedarik zincirlerinin dayan\u0131kl\u0131l\u0131\u011f\u0131n\u0131n art\u0131r\u0131lmas\u0131 konular\u0131nda uluslararas\u0131 diyalogun geli\u015ftirilmesine zemin haz\u0131rlayacakt\u0131r.<\/p>\n<p>\u00a0<\/p>\n<\/div>","protected":false},"excerpt":{"rendered":"<p>140. Kanton Fuar\u0131, \u00a015 Ekim &#8211; 4 Kas\u0131m 2026 tarihleri aras\u0131nda Guangzhou&#8217;da d\u00fczenlenecek olup, ilk kez &#8220;S\u00fcrd\u00fcr\u00fclebilir Enerji ve Karbon Ticareti&#8221; ana temas\u0131yla ger\u00e7ekle\u015ftirilecektir. Bu kapsamda, 200&#8217;den fazla uluslararas\u0131 firmaya \u00f6zel lojistik ve konaklama indirimleri sunulacak ve fuar boyunca K\u00fcresel Tedarik Zinciri Zirvesi d\u00fczenlenecektir.\u00a0S\u00f6z konusu fuar\u0131n ana temas\u0131, k\u00fcresel iklim de\u011fi\u015fikli\u011fiyle m\u00fccadele ve s\u00fcrd\u00fcr\u00fclebilir kalk\u0131nma &hellip; <a href=\"https:\/\/www.sutyo.com\/tr\/140-kanton-fuari-ana-temasi\/\" class=\"more-link\">Okumaya devam et<span class=\"screen-reader-text\"> &#8220;140. Kanton Fuar\u0131 Ana Temas\u0131&#8221;<\/span><\/a><\/p>","protected":false},"author":1271,"featured_media":0,"comment_status":"closed","ping_status":"closed","sticky":false,"template":"","format":"standard","meta":{"_exactmetrics_skip_tracking":false,"_exactmetrics_sitenote_active":false,"_exactmetrics_sitenote_note":"","_exactmetrics_sitenote_category":0,"footnotes":""},"categories":[393],"tags":[],"class_list":["post-6733","post","type-post","status-publish","format-standard","hentry","category-hayvancilik"],"aioseo_notices":[],"_links":{"self":[{"href":"https:\/\/www.sutyo.com\/tr\/wp-json\/wp\/v2\/posts\/6733","targetHints":{"allow":["GET"]}}],"collection":[{"href":"https:\/\/www.sutyo.com\/tr\/wp-json\/wp\/v2\/posts"}],"about":[{"href":"https:\/\/www.sutyo.com\/tr\/wp-json\/wp\/v2\/types\/post"}],"author":[{"embeddable":true,"href":"https:\/\/www.sutyo.com\/tr\/wp-json\/wp\/v2\/users\/1271"}],"replies":[{"embeddable":true,"href":"https:\/\/www.sutyo.com\/tr\/wp-json\/wp\/v2\/comments?post=6733"}],"version-history":[{"count":0,"href":"https:\/\/www.sutyo.com\/tr\/wp-json\/wp\/v2\/posts\/6733\/revisions"}],"wp:attachment":[{"href":"https:\/\/www.sutyo.com\/tr\/wp-json\/wp\/v2\/media?parent=6733"}],"wp:term":[{"taxonomy":"category","embeddable":true,"href":"https:\/\/www.sutyo.com\/tr\/wp-json\/wp\/v2\/categories?post=6733"},{"taxonomy":"post_tag","embeddable":true,"href":"https:\/\/www.sutyo.com\/tr\/wp-json\/wp\/v2\/tags?post=6733"}],"curies":[{"name":"wp","href":"https:\/\/api.w.org\/{rel}","templated":true}]}}