{"id":6731,"date":"2026-09-02T03:02:28","date_gmt":"2026-09-02T03:02:28","guid":{"rendered":"https:\/\/www.sutyo.com\/karadag-dis-ticaret-hacmi-292-milyar-avroya-ulasti\/"},"modified":"2026-09-02T03:02:28","modified_gmt":"2026-09-02T03:02:28","slug":"karadag-dis-ticaret-hacmi-292-milyar-avroya-ulasti","status":"publish","type":"post","link":"https:\/\/www.sutyo.com\/tr\/karadag-dis-ticaret-hacmi-292-milyar-avroya-ulasti\/","title":{"rendered":"Karada\u011f: D\u0131\u015f Ticaret Hacmi 2,92 Milyar Avroya Ula\u015ft\u0131"},"content":{"rendered":"<div>\n<p>Monstat taraf\u0131ndan a\u00e7\u0131klanan \u00f6n verilere g\u00f6re, Karada\u011f&#8217;\u0131n toplam d\u0131\u015f ticareti ilk yedi ayda y\u0131ll\u0131k bazda %2,5 art\u0131\u015fla 2,92 milyar Avroya ula\u015ft\u0131.<\/p>\n<p>Bu d\u00f6nemde ihracat y\u0131ll\u0131k bazda %4,4 d\u00fc\u015f\u00fc\u015fle 312,9 milyon Avroya gerilerken, ithalat %3,4 art\u0131\u015fla 2,61 milyar Avroya y\u00fckseldi.<\/p>\n<p>\u0130statistik Ofisi&#8217;nden yap\u0131lan bas\u0131n a\u00e7\u0131klamas\u0131na g\u00f6re, ge\u00e7en y\u0131l\u0131n ayn\u0131 d\u00f6neminde %13 olan ihracat\u0131n ithalat\u0131 kar\u015f\u0131lama oran\u0131 bu y\u0131l %12&#8217;ye d\u00fc\u015ft\u00fc.<\/p>\n<p>\u0130statistiklere g\u00f6re, bu d\u00f6nemde ger\u00e7ekle\u015fen ihracattaki en b\u00fcy\u00fck pay\u0131 70,5 milyon Avro ile elektrik, ithalattaki en b\u00fcy\u00fck pay\u0131 ise 242,5 milyon Avro ile motorlu ta\u015f\u0131tlar olu\u015fturdu.<\/p>\n<p>Karada\u011f&#8217;\u0131n ihra\u00e7 etti\u011fi mallar\u0131n b\u00fcy\u00fck \u00e7o\u011funlu\u011fu S\u0131rbistan, Bosna Hersek ve Kosova&#8217;ya giderken, Karada\u011f&#8217;a yap\u0131lan ithalat\u0131n b\u00fcy\u00fck k\u0131sm\u0131 S\u0131rbistan, \u00c7in ve Almanya&#8217;dan geldi.<\/p>\n<p>D\u0131\u015f ticaretin b\u00fcy\u00fck k\u0131sm\u0131 Orta Avrupa Serbest Ticaret Anla\u015fmas\u0131 (CEFTA) taraf\u0131 \u00fclkeler ve Avrupa Birli\u011fi (AB) ile ger\u00e7ekle\u015ftirilmi\u015ftir.<\/p>\n<p>\u00a0<\/p>\n<p>Kaynak: Karada\u011f Haber Ajans\u0131 (M\u0130NA)<\/p>\n<p>Yay\u0131mlayan: Podgoritsa Ticaret M\u00fc\u015favirli\u011fi<\/p>\n<p>\u00a0<\/p>\n<p>\u00a0<\/p>\n<\/div>","protected":false},"excerpt":{"rendered":"<p>Monstat taraf\u0131ndan a\u00e7\u0131klanan \u00f6n verilere g\u00f6re, Karada\u011f&#8217;\u0131n toplam d\u0131\u015f ticareti ilk yedi ayda y\u0131ll\u0131k bazda %2,5 art\u0131\u015fla 2,92 milyar Avroya ula\u015ft\u0131. Bu d\u00f6nemde ihracat y\u0131ll\u0131k bazda %4,4 d\u00fc\u015f\u00fc\u015fle 312,9 milyon Avroya gerilerken, ithalat %3,4 art\u0131\u015fla 2,61 milyar Avroya y\u00fckseldi. \u0130statistik Ofisi&#8217;nden yap\u0131lan bas\u0131n a\u00e7\u0131klamas\u0131na g\u00f6re, ge\u00e7en y\u0131l\u0131n ayn\u0131 d\u00f6neminde %13 olan ihracat\u0131n ithalat\u0131 kar\u015f\u0131lama oran\u0131 &hellip; <a href=\"https:\/\/www.sutyo.com\/tr\/karadag-dis-ticaret-hacmi-292-milyar-avroya-ulasti\/\" class=\"more-link\">Okumaya devam et<span class=\"screen-reader-text\"> &#8220;Karada\u011f: D\u0131\u015f Ticaret Hacmi 2,92 Milyar Avroya Ula\u015ft\u0131&#8221;<\/span><\/a><\/p>","protected":false},"author":1271,"featured_media":0,"comment_status":"closed","ping_status":"closed","sticky":false,"template":"","format":"standard","meta":{"_exactmetrics_skip_tracking":false,"_exactmetrics_sitenote_active":false,"_exactmetrics_sitenote_note":"","_exactmetrics_sitenote_category":0,"footnotes":""},"categories":[393],"tags":[],"class_list":["post-6731","post","type-post","status-publish","format-standard","hentry","category-hayvancilik"],"aioseo_notices":[],"_links":{"self":[{"href":"https:\/\/www.sutyo.com\/tr\/wp-json\/wp\/v2\/posts\/6731","targetHints":{"allow":["GET"]}}],"collection":[{"href":"https:\/\/www.sutyo.com\/tr\/wp-json\/wp\/v2\/posts"}],"about":[{"href":"https:\/\/www.sutyo.com\/tr\/wp-json\/wp\/v2\/types\/post"}],"author":[{"embeddable":true,"href":"https:\/\/www.sutyo.com\/tr\/wp-json\/wp\/v2\/users\/1271"}],"replies":[{"embeddable":true,"href":"https:\/\/www.sutyo.com\/tr\/wp-json\/wp\/v2\/comments?post=6731"}],"version-history":[{"count":0,"href":"https:\/\/www.sutyo.com\/tr\/wp-json\/wp\/v2\/posts\/6731\/revisions"}],"wp:attachment":[{"href":"https:\/\/www.sutyo.com\/tr\/wp-json\/wp\/v2\/media?parent=6731"}],"wp:term":[{"taxonomy":"category","embeddable":true,"href":"https:\/\/www.sutyo.com\/tr\/wp-json\/wp\/v2\/categories?post=6731"},{"taxonomy":"post_tag","embeddable":true,"href":"https:\/\/www.sutyo.com\/tr\/wp-json\/wp\/v2\/tags?post=6731"}],"curies":[{"name":"wp","href":"https:\/\/api.w.org\/{rel}","templated":true}]}}