{"id":6729,"date":"2026-09-02T03:02:26","date_gmt":"2026-09-02T03:02:26","guid":{"rendered":"https:\/\/www.sutyo.com\/karadag-tasimacilik-sirketlerinden-protesto-yuruyusu\/"},"modified":"2026-09-02T03:02:26","modified_gmt":"2026-09-02T03:02:26","slug":"karadag-tasimacilik-sirketlerinden-protesto-yuruyusu","status":"publish","type":"post","link":"https:\/\/www.sutyo.com\/tr\/karadag-tasimacilik-sirketlerinden-protesto-yuruyusu\/","title":{"rendered":"Karada\u011f: Ta\u015f\u0131mac\u0131l\u0131k \u015eirketlerinden Protesto Y\u00fcr\u00fcy\u00fc\u015f\u00fc"},"content":{"rendered":"<div>\n<p>Karada\u011fl\u0131 ta\u015f\u0131mac\u0131l\u0131k \u015firketleri, profesyonel s\u00fcr\u00fcc\u00fclerin hareketlili\u011fi sorununun ertelenemeyece\u011fi mesaj\u0131n\u0131 Avrupa kurumlar\u0131na iletmek amac\u0131yla bug\u00fcn Podgoritsa&#8217;daki AB Temsilcili\u011fi \u00f6n\u00fcnde iki saatlik bir protesto y\u00fcr\u00fcy\u00fc\u015f\u00fc d\u00fczenleyecek.<\/p>\n<p>Ta\u015f\u0131mac\u0131l\u0131k \u015eirketleri Birli\u011fi taraf\u0131ndan yap\u0131lan bas\u0131n a\u00e7\u0131klamas\u0131nda, Bosna Hersek (BH), S\u0131rbistan ve Kuzey Makedonya&#8217;dan ta\u015f\u0131mac\u0131l\u0131k \u015firketlerinin de AB b\u00fcy\u00fckel\u00e7ilikleri veya temsilcilikleri \u00f6n\u00fcnde protesto y\u00fcr\u00fcy\u00fc\u015fleri d\u00fczenleyece\u011fi belirtildi.<\/p>\n<p>Birlik protestonun AB&#8217;ye kar\u015f\u0131 bir protesto de\u011fil, profesyonel s\u00fcr\u00fcc\u00fclerin kar\u015f\u0131la\u015ft\u0131\u011f\u0131 sorunlara \u00e7\u00f6z\u00fcm bulmay\u0131 ve Karada\u011f ta\u015f\u0131mac\u0131l\u0131k \u015firketlerinin hayatta kalmas\u0131n\u0131 sa\u011flamay\u0131 ama\u00e7layan bir protesto oldu\u011funu a\u00e7\u0131klad\u0131.<\/p>\n<p>Temsilciler Br\u00fcksel ile diyalo\u011fun h\u0131zland\u0131r\u0131lmas\u0131 gerekti\u011fini ve sorunun g\u00f6z ard\u0131 edilmesinin sadece ta\u015f\u0131mac\u0131l\u0131k sekt\u00f6r\u00fc i\u00e7in de\u011fil, Karada\u011f ekonomisinin tamam\u0131 i\u00e7in de ciddi sonu\u00e7lar do\u011furabilece\u011fini ifade etti.<\/p>\n<p>Karada\u011fl\u0131 ta\u015f\u0131mac\u0131l\u0131k \u015firketleri, 90\/180 g\u00fcn kural\u0131n\u0131n i\u015flerini yapmalar\u0131n\u0131 ve ayakta kalmalar\u0131n\u0131 giderek zorla\u015ft\u0131rd\u0131\u011f\u0131n\u0131 uzun zamand\u0131r dile getirmekle birlikte ayr\u0131cal\u0131k de\u011fil \u00e7\u00f6z\u00fcm arad\u0131klar\u0131n\u0131 ve gelecekteki bir AB \u00fcyesi olarak Karada\u011f&#8217;a y\u00f6nelik Avrupa politikas\u0131n\u0131n ortakl\u0131\u011fa dayanmas\u0131 gerekti\u011fini vurgulad\u0131lar.<\/p>\n<p>\u00a0<\/p>\n<p>Kaynak: Karada\u011f Haber Ajans\u0131 (M\u0130NA)<\/p>\n<p>Yay\u0131mlayan: Podgoritsa Ticaret M\u00fc\u015favirli\u011fi<\/p>\n<p>\u00a0<\/p>\n<p>\u00a0<\/p>\n<\/div>","protected":false},"excerpt":{"rendered":"<p>Karada\u011fl\u0131 ta\u015f\u0131mac\u0131l\u0131k \u015firketleri, profesyonel s\u00fcr\u00fcc\u00fclerin hareketlili\u011fi sorununun ertelenemeyece\u011fi mesaj\u0131n\u0131 Avrupa kurumlar\u0131na iletmek amac\u0131yla bug\u00fcn Podgoritsa&#8217;daki AB Temsilcili\u011fi \u00f6n\u00fcnde iki saatlik bir protesto y\u00fcr\u00fcy\u00fc\u015f\u00fc d\u00fczenleyecek. Ta\u015f\u0131mac\u0131l\u0131k \u015eirketleri Birli\u011fi taraf\u0131ndan yap\u0131lan bas\u0131n a\u00e7\u0131klamas\u0131nda, Bosna Hersek (BH), S\u0131rbistan ve Kuzey Makedonya&#8217;dan ta\u015f\u0131mac\u0131l\u0131k \u015firketlerinin de AB b\u00fcy\u00fckel\u00e7ilikleri veya temsilcilikleri \u00f6n\u00fcnde protesto y\u00fcr\u00fcy\u00fc\u015fleri d\u00fczenleyece\u011fi belirtildi. Birlik protestonun AB&#8217;ye kar\u015f\u0131 bir &hellip; <a href=\"https:\/\/www.sutyo.com\/tr\/karadag-tasimacilik-sirketlerinden-protesto-yuruyusu\/\" class=\"more-link\">Okumaya devam et<span class=\"screen-reader-text\"> &#8220;Karada\u011f: Ta\u015f\u0131mac\u0131l\u0131k \u015eirketlerinden Protesto Y\u00fcr\u00fcy\u00fc\u015f\u00fc&#8221;<\/span><\/a><\/p>","protected":false},"author":1271,"featured_media":0,"comment_status":"closed","ping_status":"closed","sticky":false,"template":"","format":"standard","meta":{"_exactmetrics_skip_tracking":false,"_exactmetrics_sitenote_active":false,"_exactmetrics_sitenote_note":"","_exactmetrics_sitenote_category":0,"footnotes":""},"categories":[393],"tags":[],"class_list":["post-6729","post","type-post","status-publish","format-standard","hentry","category-hayvancilik"],"aioseo_notices":[],"_links":{"self":[{"href":"https:\/\/www.sutyo.com\/tr\/wp-json\/wp\/v2\/posts\/6729","targetHints":{"allow":["GET"]}}],"collection":[{"href":"https:\/\/www.sutyo.com\/tr\/wp-json\/wp\/v2\/posts"}],"about":[{"href":"https:\/\/www.sutyo.com\/tr\/wp-json\/wp\/v2\/types\/post"}],"author":[{"embeddable":true,"href":"https:\/\/www.sutyo.com\/tr\/wp-json\/wp\/v2\/users\/1271"}],"replies":[{"embeddable":true,"href":"https:\/\/www.sutyo.com\/tr\/wp-json\/wp\/v2\/comments?post=6729"}],"version-history":[{"count":0,"href":"https:\/\/www.sutyo.com\/tr\/wp-json\/wp\/v2\/posts\/6729\/revisions"}],"wp:attachment":[{"href":"https:\/\/www.sutyo.com\/tr\/wp-json\/wp\/v2\/media?parent=6729"}],"wp:term":[{"taxonomy":"category","embeddable":true,"href":"https:\/\/www.sutyo.com\/tr\/wp-json\/wp\/v2\/categories?post=6729"},{"taxonomy":"post_tag","embeddable":true,"href":"https:\/\/www.sutyo.com\/tr\/wp-json\/wp\/v2\/tags?post=6729"}],"curies":[{"name":"wp","href":"https:\/\/api.w.org\/{rel}","templated":true}]}}