{"id":6727,"date":"2026-09-02T03:02:24","date_gmt":"2026-09-02T03:02:24","guid":{"rendered":"https:\/\/www.sutyo.com\/yunanistanda-yasam-pahaliligi-baskilari-nedeniyle-fiyat-indirimi\/"},"modified":"2026-09-02T03:02:24","modified_gmt":"2026-09-02T03:02:24","slug":"yunanistanda-yasam-pahaliligi-baskilari-nedeniyle-fiyat-indirimi","status":"publish","type":"post","link":"https:\/\/www.sutyo.com\/tr\/yunanistanda-yasam-pahaliligi-baskilari-nedeniyle-fiyat-indirimi\/","title":{"rendered":"Yunanistan&#8217;da Ya\u015fam Pahal\u0131l\u0131\u011f\u0131 Bask\u0131lar\u0131 Nedeniyle Fiyat \u0130ndirimi"},"content":{"rendered":"<div>\n<p>Yunanistan\u2019da g\u0131da, g\u00fcnl\u00fck ya\u015fam gere\u00e7leri, okul malzemeleri ve \u00f6zel markal\u0131 (private label) \u00fcr\u00fcnler gibi temel t\u00fcketim maddelerinde, &#8220;Ulusal Fiyat \u0130ndirimi Giri\u015fimi&#8221;nin y\u00fcr\u00fcrl\u00fc\u011fe girmesiyle birlikte bug\u00fcnden (Pazartesi) itibaren zincir marketlerde kayda de\u011fer fiyat indirimleri yap\u0131lmas\u0131 \u00f6ng\u00f6r\u00fclmektedir. Giri\u015fim, 1.660&#8217;tan fazla temel t\u00fcketim mal\u0131n\u0131 kapsamaktad\u0131r.<\/p>\n<p>Ba\u015fbakan Kiriakos Mi\u00e7otakis d\u00fcn haftal\u0131k de\u011ferlendirme yaz\u0131s\u0131nda an\u0131lan tedbire de\u011finerek; g\u0131da, ya\u015fam gere\u00e7leri ve okul malzemeleri gibi temel \u00fcr\u00fcnlerde 2 ila 4 ay s\u00fcreyle %5 ile %7 aras\u0131nda indirimler uygulanaca\u011f\u0131n\u0131 belirtmi\u015ftir. Ba\u015fbakan, bu giri\u015fimin &#8220;bir aile b\u00fct\u00e7esini zorlayan t\u00fcm sorunlara tek ba\u015f\u0131na \u00e7\u00f6z\u00fcm olmad\u0131\u011f\u0131n\u0131&#8221;, ancak \u00f6zellikle yeni e\u011fitim-\u00f6\u011fretim y\u0131l\u0131n\u0131n masraflar\u0131 ba\u015flarken aileler i\u00e7in &#8220;somut bir nefes ald\u0131rma&#8221; anlam\u0131 ta\u015f\u0131d\u0131\u011f\u0131n\u0131 da ifade etmi\u015ftir.<\/p>\n<p>Kalk\u0131nma Bakan\u0131 Takis Theodorikakos ise bu ad\u0131m\u0131, hanehalk\u0131n\u0131 desteklemek ve temel mallar\u0131n maliyetini kontrol alt\u0131na almak amac\u0131yla at\u0131lm\u0131\u015f bir &#8220;ulusal sosyal mutabakat&#8221; olarak nitelendirmi\u015ftir.<\/p>\n<p>Ge\u00e7ti\u011fimiz Cuma g\u00fcn\u00fcne kadar sisteme yakla\u015f\u0131k 900 markal\u0131 \u00fcr\u00fcn dahil edilmi\u015f olup, bu \u00fcr\u00fcnlerde ortalama %7 indirim yap\u0131l\u0131rken, indirim oranlar\u0131 \u00fcr\u00fcn baz\u0131nda %5 ila %30 aras\u0131nda de\u011fi\u015fkenlik g\u00f6stermi\u015ftir.<\/p>\n<ul>\n<li>Okul Malzemeleri: 450&#8217;den fazla \u00fcr\u00fcn kapsama al\u0131nm\u0131\u015f olup, ortalama indirim oran\u0131 %10 civar\u0131nda.<\/li>\n<li>\u00d6zel Markal\u0131 (Private Label) \u00dcr\u00fcnler: Yakla\u015f\u0131k 250 \u00fcr\u00fcnde ortalama %7 indirim mevcut.<\/li>\n<li>Et Kategorisi: Ortalama %7,2 indirimle 60 \u00fcr\u00fcn kodu yer almaktad\u0131r. Bu kategori, dana eti de dahil olmak \u00fczere hem yerli hem de ithal \u00fcr\u00fcnleri kapsamaktad\u0131r.<\/li>\n<\/ul>\n<p>Programa \u015fu ana kadar 90&#8217;dan fazla tedarik\u00e7i firma, 12 s\u00fcpermarket zinciri ve 3 oyuncak\/okul malzemeleri zinciri kat\u0131lm\u0131\u015ft\u0131r.<\/p>\n<p>Tedarik\u00e7ilerin yapt\u0131\u011f\u0131 indirimlere s\u00fcpermarket zincirlerinin kendi katk\u0131s\u0131 da eklenece\u011finden, baz\u0131 \u00fcr\u00fcnlerde t\u00fcketicinin elde edece\u011fi nihai faydada ortalaman\u0131n %7&#8217;lik seviyenin \u00fczerine \u00e7\u0131kmas\u0131 beklenmektedir.<\/p>\n<p>\u0130ndirimli fiyatlar raflara \u00f6zel etiketlerle yans\u0131t\u0131lacakt\u0131r. T\u00fcketiciler ayr\u0131ca &#8220;PosoKanei&#8221; (Ne Kadar Tutuyor) dijital platformu \u00fczerinden de bilgilere eri\u015febilecektir. Platform \u00fczerinden kat\u0131l\u0131mc\u0131 firmalar, kapsama al\u0131nan \u00fcr\u00fcnler ve uygulanan indirimler takip edilebilecek, markal\u0131 \u00fcr\u00fcnler i\u00e7in her zincirin uygulad\u0131\u011f\u0131 ek indirimler de g\u00f6z \u00f6n\u00fcne al\u0131narak indirim aral\u0131klar\u0131 g\u00f6sterilecektir.<\/p>\n<p>\u0130ndirimlerin s\u00fcresi 2 ile 4 ay aras\u0131nda de\u011fi\u015fmektedir. \u0130ki ayl\u0131k taahh\u00fctte bulunan i\u015fletmelerin \u00f6n\u00fcm\u00fczdeki iki ay i\u00e7inde yeni \u00fcr\u00fcn kodlar\u0131n\u0131 sisteme eklemesi \u00f6ng\u00f6r\u00fcl\u00fcrken, di\u011fer \u00fcr\u00fcnler i\u00e7in taahh\u00fct s\u00fcresi 4 ay olarak belirlenmi\u015ftir.<\/p>\n<p>Kalk\u0131nma Bakanl\u0131\u011f\u0131 kaynaklar\u0131, bu giri\u015fimin \u00f6neminin sadece \u00fcr\u00fcn say\u0131s\u0131yla s\u0131n\u0131rl\u0131 olmad\u0131\u011f\u0131n\u0131, listenin y\u00fcksek sat\u0131n alma s\u0131kl\u0131\u011f\u0131na sahip ve g\u00fcnl\u00fck sepetin vazge\u00e7ilmezi olan temel \u00fcr\u00fcnlerden olu\u015ftu\u011funu vurgulamaktad\u0131r.<\/p>\n<\/div>","protected":false},"excerpt":{"rendered":"<p>Yunanistan\u2019da g\u0131da, g\u00fcnl\u00fck ya\u015fam gere\u00e7leri, okul malzemeleri ve \u00f6zel markal\u0131 (private label) \u00fcr\u00fcnler gibi temel t\u00fcketim maddelerinde, &#8220;Ulusal Fiyat \u0130ndirimi Giri\u015fimi&#8221;nin y\u00fcr\u00fcrl\u00fc\u011fe girmesiyle birlikte bug\u00fcnden (Pazartesi) itibaren zincir marketlerde kayda de\u011fer fiyat indirimleri yap\u0131lmas\u0131 \u00f6ng\u00f6r\u00fclmektedir. Giri\u015fim, 1.660&#8217;tan fazla temel t\u00fcketim mal\u0131n\u0131 kapsamaktad\u0131r. Ba\u015fbakan Kiriakos Mi\u00e7otakis d\u00fcn haftal\u0131k de\u011ferlendirme yaz\u0131s\u0131nda an\u0131lan tedbire de\u011finerek; g\u0131da, ya\u015fam gere\u00e7leri &hellip; <a href=\"https:\/\/www.sutyo.com\/tr\/yunanistanda-yasam-pahaliligi-baskilari-nedeniyle-fiyat-indirimi\/\" class=\"more-link\">Okumaya devam et<span class=\"screen-reader-text\"> &#8220;Yunanistan&#8217;da Ya\u015fam Pahal\u0131l\u0131\u011f\u0131 Bask\u0131lar\u0131 Nedeniyle Fiyat \u0130ndirimi&#8221;<\/span><\/a><\/p>","protected":false},"author":1271,"featured_media":0,"comment_status":"closed","ping_status":"closed","sticky":false,"template":"","format":"standard","meta":{"_exactmetrics_skip_tracking":false,"_exactmetrics_sitenote_active":false,"_exactmetrics_sitenote_note":"","_exactmetrics_sitenote_category":0,"footnotes":""},"categories":[393],"tags":[],"class_list":["post-6727","post","type-post","status-publish","format-standard","hentry","category-hayvancilik"],"aioseo_notices":[],"_links":{"self":[{"href":"https:\/\/www.sutyo.com\/tr\/wp-json\/wp\/v2\/posts\/6727","targetHints":{"allow":["GET"]}}],"collection":[{"href":"https:\/\/www.sutyo.com\/tr\/wp-json\/wp\/v2\/posts"}],"about":[{"href":"https:\/\/www.sutyo.com\/tr\/wp-json\/wp\/v2\/types\/post"}],"author":[{"embeddable":true,"href":"https:\/\/www.sutyo.com\/tr\/wp-json\/wp\/v2\/users\/1271"}],"replies":[{"embeddable":true,"href":"https:\/\/www.sutyo.com\/tr\/wp-json\/wp\/v2\/comments?post=6727"}],"version-history":[{"count":0,"href":"https:\/\/www.sutyo.com\/tr\/wp-json\/wp\/v2\/posts\/6727\/revisions"}],"wp:attachment":[{"href":"https:\/\/www.sutyo.com\/tr\/wp-json\/wp\/v2\/media?parent=6727"}],"wp:term":[{"taxonomy":"category","embeddable":true,"href":"https:\/\/www.sutyo.com\/tr\/wp-json\/wp\/v2\/categories?post=6727"},{"taxonomy":"post_tag","embeddable":true,"href":"https:\/\/www.sutyo.com\/tr\/wp-json\/wp\/v2\/tags?post=6727"}],"curies":[{"name":"wp","href":"https:\/\/api.w.org\/{rel}","templated":true}]}}