{"id":6124,"date":"2026-04-29T03:04:40","date_gmt":"2026-04-29T03:04:40","guid":{"rendered":"https:\/\/www.sutyo.com\/bazi-demir-celik-cinsi-esyaya-getirilen-ihracat-yasagi\/"},"modified":"2026-04-29T03:04:40","modified_gmt":"2026-04-29T03:04:40","slug":"bazi-demir-celik-cinsi-esyaya-getirilen-ihracat-yasagi","status":"publish","type":"post","link":"https:\/\/www.sutyo.com\/tr\/bazi-demir-celik-cinsi-esyaya-getirilen-ihracat-yasagi\/","title":{"rendered":"Baz\u0131 Demir-\u00c7elik cinsi e\u015fyaya getirilen \u0130hracat yasa\u011f\u0131"},"content":{"rendered":"<div>\n<p>\u0130ran Ticaret, Sanayi ve Maden Bakanl\u0131\u011f\u0131nca al\u0131nan karar uyar\u0131nca 72. Fas\u0131lda yer alan 66 adet GT\u0130P&#8217;i verilen e\u015fyan\u0131n ihracat\u0131n\u0131n 29 May\u0131s 2026 tarihine kadar yasakland\u0131\u011f\u0131 bildirilmi\u015ftir.<\/p>\n<p>\u0130ran Ticaret Geli\u015ftirme Kurumunun (Trade Promotion Organization of Iran) internet sayfas\u0131nda yap\u0131lan duyuruda, 72. Fas\u0131lda yer alan ekli 66 adet Demir-\u00c7elik \u00fcr\u00fcn\u00fc e\u015fyan\u0131n (s\u0131cak haddelenmi\u015f sac, so\u011fuk haddelenmi\u015f sac, teneke kapl\u0131 sac, di\u011fer kaplamal\u0131 saclar, galvanizli sac, boyal\u0131 sac, s\u0131cak haddelenmi\u015f bant, so\u011fuk haddelenmi\u015f bant, \u00e7elik bant, teneke kapl\u0131 bant, galvanizli bant, di\u011fer kaplamal\u0131 bantlar ve boyal\u0131 bantlar) ihracat\u0131 yasaklanm\u0131\u015ft\u0131r.<\/p>\n<p>\u00a0<\/p>\n<p>(https:\/\/news.tpo.ir\/\/%D8%A7%D8%B7%D9%84%D8%A7%D8%B9%DB%8C%D9%87-%D9%87%D8%A7\/%D8%AA%D9%88%D9%82%D9%81-%D8%B5%D8%A7%D8%AF%D8%B1%D8%A7%D8%AA-%D8%A7%D8%B3%D9%84%D8%A8-%D9%88-%D9%88%D8%B1%D9%82-%D9%87%D8%A7%DB%8C-%D9%81%D9%88%D9%84%D8%A7%D8%AF%DB%8C)<\/p>\n<\/div>","protected":false},"excerpt":{"rendered":"<p>\u0130ran Ticaret, Sanayi ve Maden Bakanl\u0131\u011f\u0131nca al\u0131nan karar uyar\u0131nca 72. Fas\u0131lda yer alan 66 adet GT\u0130P&#8217;i verilen e\u015fyan\u0131n ihracat\u0131n\u0131n 29 May\u0131s 2026 tarihine kadar yasakland\u0131\u011f\u0131 bildirilmi\u015ftir. \u0130ran Ticaret Geli\u015ftirme Kurumunun (Trade Promotion Organization of Iran) internet sayfas\u0131nda yap\u0131lan duyuruda, 72. Fas\u0131lda yer alan ekli 66 adet Demir-\u00c7elik \u00fcr\u00fcn\u00fc e\u015fyan\u0131n (s\u0131cak haddelenmi\u015f sac, so\u011fuk haddelenmi\u015f sac, &hellip; <a href=\"https:\/\/www.sutyo.com\/tr\/bazi-demir-celik-cinsi-esyaya-getirilen-ihracat-yasagi\/\" class=\"more-link\">Okumaya devam et<span class=\"screen-reader-text\"> &#8220;Baz\u0131 Demir-\u00c7elik cinsi e\u015fyaya getirilen \u0130hracat yasa\u011f\u0131&#8221;<\/span><\/a><\/p>","protected":false},"author":1271,"featured_media":0,"comment_status":"closed","ping_status":"closed","sticky":false,"template":"","format":"standard","meta":{"_exactmetrics_skip_tracking":false,"_exactmetrics_sitenote_active":false,"_exactmetrics_sitenote_note":"","_exactmetrics_sitenote_category":0,"footnotes":""},"categories":[393],"tags":[],"class_list":["post-6124","post","type-post","status-publish","format-standard","hentry","category-hayvancilik"],"aioseo_notices":[],"_links":{"self":[{"href":"https:\/\/www.sutyo.com\/tr\/wp-json\/wp\/v2\/posts\/6124","targetHints":{"allow":["GET"]}}],"collection":[{"href":"https:\/\/www.sutyo.com\/tr\/wp-json\/wp\/v2\/posts"}],"about":[{"href":"https:\/\/www.sutyo.com\/tr\/wp-json\/wp\/v2\/types\/post"}],"author":[{"embeddable":true,"href":"https:\/\/www.sutyo.com\/tr\/wp-json\/wp\/v2\/users\/1271"}],"replies":[{"embeddable":true,"href":"https:\/\/www.sutyo.com\/tr\/wp-json\/wp\/v2\/comments?post=6124"}],"version-history":[{"count":0,"href":"https:\/\/www.sutyo.com\/tr\/wp-json\/wp\/v2\/posts\/6124\/revisions"}],"wp:attachment":[{"href":"https:\/\/www.sutyo.com\/tr\/wp-json\/wp\/v2\/media?parent=6124"}],"wp:term":[{"taxonomy":"category","embeddable":true,"href":"https:\/\/www.sutyo.com\/tr\/wp-json\/wp\/v2\/categories?post=6124"},{"taxonomy":"post_tag","embeddable":true,"href":"https:\/\/www.sutyo.com\/tr\/wp-json\/wp\/v2\/tags?post=6124"}],"curies":[{"name":"wp","href":"https:\/\/api.w.org\/{rel}","templated":true}]}}