{"id":6114,"date":"2026-04-29T03:04:31","date_gmt":"2026-04-29T03:04:31","guid":{"rendered":"https:\/\/www.sutyo.com\/benzindeki-etanol-orani-%32ye-yukseltilecek\/"},"modified":"2026-04-29T03:04:31","modified_gmt":"2026-04-29T03:04:31","slug":"benzindeki-etanol-orani-%32ye-yukseltilecek","status":"publish","type":"post","link":"https:\/\/www.sutyo.com\/tr\/benzindeki-etanol-orani-%32ye-yukseltilecek\/","title":{"rendered":"Benzindeki Etanol Oran\u0131 %32&#8217;ye Y\u00fckseltilecek"},"content":{"rendered":"<div>\n<p>H\u00fck\u00fcmet yetkilileri, Ulusal Enerji Politikas\u0131 Konseyi&#8217;nin benzindeki etanol miktar\u0131n\u0131 %30&#8217;dan %32&#8217;ye y\u00fckseltmek \u00fczere 7 May\u0131s&#8217;ta toplanaca\u011f\u0131n\u0131 a\u00e7\u0131klam\u0131\u015ft\u0131r.<\/p>\n<p>Karar\u0131n, \u0130ran sava\u015f\u0131 nedeniyle artan yak\u0131t fiyatlar\u0131na yan\u0131t olarak al\u0131nd\u0131\u011f\u0131 belirtilmi\u015f olup; art\u0131\u015f\u0131n ge\u00e7ici oldu\u011fu, 180 g\u00fcn s\u00fcrece\u011fi ve ayl\u0131k yak\u0131t ithalat\u0131n\u0131 500 milyon litre azaltaca\u011f\u0131 belirtilmi\u015ftir.<\/p>\n<p><strong>Kaynak: <\/strong>Brasilinform Daily Briefing<\/p>\n<\/div>","protected":false},"excerpt":{"rendered":"<p>H\u00fck\u00fcmet yetkilileri, Ulusal Enerji Politikas\u0131 Konseyi&#8217;nin benzindeki etanol miktar\u0131n\u0131 %30&#8217;dan %32&#8217;ye y\u00fckseltmek \u00fczere 7 May\u0131s&#8217;ta toplanaca\u011f\u0131n\u0131 a\u00e7\u0131klam\u0131\u015ft\u0131r. Karar\u0131n, \u0130ran sava\u015f\u0131 nedeniyle artan yak\u0131t fiyatlar\u0131na yan\u0131t olarak al\u0131nd\u0131\u011f\u0131 belirtilmi\u015f olup; art\u0131\u015f\u0131n ge\u00e7ici oldu\u011fu, 180 g\u00fcn s\u00fcrece\u011fi ve ayl\u0131k yak\u0131t ithalat\u0131n\u0131 500 milyon litre azaltaca\u011f\u0131 belirtilmi\u015ftir. Kaynak: Brasilinform Daily Briefing<\/p>","protected":false},"author":1271,"featured_media":0,"comment_status":"closed","ping_status":"closed","sticky":false,"template":"","format":"standard","meta":{"_exactmetrics_skip_tracking":false,"_exactmetrics_sitenote_active":false,"_exactmetrics_sitenote_note":"","_exactmetrics_sitenote_category":0,"footnotes":""},"categories":[393],"tags":[],"class_list":["post-6114","post","type-post","status-publish","format-standard","hentry","category-hayvancilik"],"aioseo_notices":[],"_links":{"self":[{"href":"https:\/\/www.sutyo.com\/tr\/wp-json\/wp\/v2\/posts\/6114","targetHints":{"allow":["GET"]}}],"collection":[{"href":"https:\/\/www.sutyo.com\/tr\/wp-json\/wp\/v2\/posts"}],"about":[{"href":"https:\/\/www.sutyo.com\/tr\/wp-json\/wp\/v2\/types\/post"}],"author":[{"embeddable":true,"href":"https:\/\/www.sutyo.com\/tr\/wp-json\/wp\/v2\/users\/1271"}],"replies":[{"embeddable":true,"href":"https:\/\/www.sutyo.com\/tr\/wp-json\/wp\/v2\/comments?post=6114"}],"version-history":[{"count":0,"href":"https:\/\/www.sutyo.com\/tr\/wp-json\/wp\/v2\/posts\/6114\/revisions"}],"wp:attachment":[{"href":"https:\/\/www.sutyo.com\/tr\/wp-json\/wp\/v2\/media?parent=6114"}],"wp:term":[{"taxonomy":"category","embeddable":true,"href":"https:\/\/www.sutyo.com\/tr\/wp-json\/wp\/v2\/categories?post=6114"},{"taxonomy":"post_tag","embeddable":true,"href":"https:\/\/www.sutyo.com\/tr\/wp-json\/wp\/v2\/tags?post=6114"}],"curies":[{"name":"wp","href":"https:\/\/api.w.org\/{rel}","templated":true}]}}