{"id":5935,"date":"2026-03-11T03:04:00","date_gmt":"2026-03-11T03:04:00","guid":{"rendered":"https:\/\/www.sutyo.com\/asude-neden-uye-olmalisiniz\/"},"modified":"2026-03-11T03:04:00","modified_gmt":"2026-03-11T03:04:00","slug":"asude-neden-uye-olmalisiniz","status":"publish","type":"post","link":"https:\/\/www.sutyo.com\/tr\/asude-neden-uye-olmalisiniz\/","title":{"rendered":"AS\u00dcD\u2019e Neden \u00dcye Olmal\u0131s\u0131n\u0131z?"},"content":{"rendered":"<div>\n<p style=\"text-align: justify;\"><strong>2009 y\u0131l\u0131nda kurulan Ambalajl\u0131 S\u00fct ve S\u00fct \u00dcr\u00fcnleri Sanayicileri Derne\u011fi (AS\u00dcD), <a href=\"https:\/\/www.asuder.org.tr\/hakkimizda\/uyelerimiz\/\">150 \u00fcyesiyle<\/a> T\u00fcrkiye\u2019de s\u00fct ve s\u00fct \u00fcr\u00fcnleri sekt\u00f6r\u00fcn\u00fcn s\u00fcrd\u00fcr\u00fclebilir b\u00fcy\u00fcmesini, g\u0131da g\u00fcvenli\u011fini ve uluslararas\u0131 rekabet g\u00fcc\u00fcn\u00fc geli\u015ftirmek amac\u0131yla faaliyet g\u00f6steren sekt\u00f6r\u00fcn en \u00f6nemli <a href=\"https:\/\/www.asuder.org.tr\/hakkimizda\/baskanin-mesaji\/\">sivil toplum kurulu\u015fudur<\/a>. <\/strong><\/p>\n<p style=\"text-align: justify;\">AS\u00dcD \u00fcyeli\u011fi; yaln\u0131zca bir dernek \u00fcyeli\u011fi de\u011fil, ayn\u0131 zamanda sekt\u00f6r\u00fcn gelece\u011fini \u015fekillendiren karar s\u00fcre\u00e7lerinde yer almak, g\u00fc\u00e7l\u00fc bir profesyonel a\u011f\u0131n par\u00e7as\u0131 olmak ve i\u015fletmenizin rekabet g\u00fcc\u00fcn\u00fc art\u0131rmak anlam\u0131na gelir.<\/p>\n<p style=\"text-align: justify;\">AS\u00dcD\u2019e \u00fcye olarak siz de yaln\u0131zca kendi \u015firketiniz i\u00e7in de\u011fil, T\u00fcrkiye s\u00fct sekt\u00f6r\u00fcn\u00fcn gelece\u011fi i\u00e7in \u00e7al\u0131\u015fan g\u00fc\u00e7l\u00fc bir yap\u0131n\u0131n par\u00e7as\u0131 olursunuz. S\u00fct ve s\u00fct \u00fcr\u00fcnleri sekt\u00f6r\u00fcnde g\u00fc\u00e7l\u00fc bir temsil, g\u00fcvenilir bir i\u015f a\u011f\u0131, sekt\u00f6r\u00fcn en kritik oyuncular\u0131 ile i\u015fbirli\u011fi ve stratejik bilgi avantaj\u0131 elde etmek istiyorsan\u0131z, AS\u00dcD \u00fcyeli\u011fi sizin i\u00e7in \u00f6nemli bir f\u0131rsatt\u0131r\u2026<\/p>\n<p style=\"text-align: justify;\"><strong>AS\u00dcD\u2019e kat\u0131l\u0131n, sekt\u00f6r\u00fcn gelece\u011fini birlikte \u015fekillendirelim.<\/strong><\/p>\n<h4 style=\"text-align: justify;\"><span style=\"color: #259624;\"><strong>Sekt\u00f6rel \u0130\u015fbirli\u011fi ve Networking<\/strong><\/span><\/h4>\n<p style=\"text-align: justify;\">AS\u00dcD; s\u00fct de\u011fer zincirindeki \u00fcreticileri, tedarik\u00e7ileri, hizmet sa\u011flayan ve dan\u0131\u015fmanl\u0131k veren firmalar\u0131, akademiyi ve kamu kurumlar\u0131n\u0131 ayn\u0131 platformda bulu\u015fturan bir sekt\u00f6rel a\u011fd\u0131r. Dernek b\u00fcnyesinde a\u015fa\u011f\u0131daki mekanizmalar arac\u0131l\u0131\u011f\u0131yla g\u00fc\u00e7l\u00fc bir i\u015f a\u011f\u0131 olu\u015fturulur:<\/p>\n<ul style=\"text-align: justify;\">\n<li>\u00dcyeler aras\u0131 i\u015f birli\u011fi ve bilgi payla\u015f\u0131m\u0131<\/li>\n<li>Sekt\u00f6rel toplant\u0131lar ve bulu\u015fmalar<\/li>\n<li>Y\u00f6netim Kurulu ve \u0130cra Kurulu toplant\u0131lar\u0131<\/li>\n<li>\u00c7al\u0131\u015fma gruplar\u0131 ve teknik komiteler<\/li>\n<\/ul>\n<p style=\"text-align: justify;\">Bu yap\u0131 sayesinde firmalar:<\/p>\n<ul style=\"text-align: justify;\">\n<li>Sekt\u00f6rdeki stratejik geli\u015fmeleri yak\u0131ndan takip edebilir<\/li>\n<li>Yeni i\u015f ortakl\u0131klar\u0131 geli\u015ftirebilir<\/li>\n<li>Tedarik ve i\u015f birlikleri kurabilir<\/li>\n<\/ul>\n<h4 style=\"text-align: justify;\"><span style=\"color: #259624;\"><strong>Mevzuat ve Kamu Politikalar\u0131nda Etkin Temsil<\/strong><\/span><\/h4>\n<p style=\"text-align: justify;\">S\u00fct ve s\u00fct \u00fcr\u00fcnleri sekt\u00f6r\u00fc; g\u0131da g\u00fcvenli\u011fi, \u00fcretim standartlar\u0131, ticaret d\u00fczenlemeleri ve t\u00fcketici sa\u011fl\u0131\u011f\u0131 gibi bir\u00e7ok alanda yo\u011fun mevzuat d\u00fczenlemelerine tabidir. AS\u00dcD, sekt\u00f6r\u00fcn sesi olarak kamu kurumlar\u0131yla s\u00fcrekli ileti\u015fim halindedir. AS\u00dcD \u00fcyeleri yaln\u0131zca mevzuat\u0131 takip etmekle kalmaz, ayn\u0131 zamanda mevzuat\u0131n olu\u015fumuna katk\u0131 sa\u011flayan akt\u00f6rler aras\u0131nda yer al\u0131r.<\/p>\n<p style=\"text-align: justify;\">\u00dcyeler i\u00e7in bu ba\u011flamda sa\u011flanan ba\u015fl\u0131ca avantajlar \u015funlard\u0131r:<\/p>\n<ul style=\"text-align: justify;\">\n<li>Tar\u0131m ve Orman Bakanl\u0131\u011f\u0131 ve Ticaret Bakanl\u0131\u011f\u0131 ba\u015fta olmak \u00fczere ilgili t\u00fcm kurumlarla ileti\u015fim imk\u00e2n\u0131<\/li>\n<li>G\u00f6r\u00fc\u015fe a\u00e7\u0131lan mevzuatlara \u00f6ncelikli eri\u015fim ve katk\u0131 sa\u011flama f\u0131rsat\u0131<\/li>\n<li>Mevzuat, komisyon ve \u00e7al\u0131\u015fma gruplar\u0131nda yer alma<\/li>\n<li>Sekt\u00f6r\u00fc ilgilendiren d\u00fczenlemelerin haz\u0131rlanma s\u00fcre\u00e7lerine aktif kat\u0131l\u0131m<\/li>\n<\/ul>\n<h4 style=\"text-align: justify;\"><span style=\"color: #259624;\"><strong>D\u0131\u015f Geziler, Fuarlar ve \u0130\u015f Geli\u015ftirme<\/strong><\/span><\/h4>\n<p style=\"text-align: justify;\">AS\u00dcD \u00fcyeleri, ulusal ve uluslararas\u0131 etkinliklere eri\u015fim konusunda \u00f6nemli avantajlara sahiptir.<\/p>\n<ul style=\"text-align: justify;\">\n<li>AS\u00dcD\u2019 t\u00fcm \u00fcyelerine do\u011frudan ula\u015farak do\u011frudan i\u015f geli\u015ftirme imk\u00e2n\u0131<\/li>\n<li>Yurt i\u00e7inde ve yurt d\u0131\u015f\u0131nda fuarlara, ticari gezilere ortak kat\u0131l\u0131m organizasyonu, rehberlik ve koordinasyon<\/li>\n<li>Uluslararas\u0131 fuarlara al\u0131m heyeti kapsam\u0131nda \u00fccretsiz veya indirimli kat\u0131l\u0131m<\/li>\n<li>Yurtd\u0131\u015f\u0131 seyahatlerde vize kolayl\u0131\u011f\u0131<\/li>\n<li>Uluslararas\u0131 i\u015f ba\u011flant\u0131lar\u0131<\/li>\n<li>Partner ve pazar arayan i\u015f ortaklar\u0131na y\u00f6nlendirme<\/li>\n<\/ul>\n<h4 style=\"text-align: justify;\"><span style=\"color: #259624;\"><strong>Sekt\u00f6rel Bilgi ve \u0130statistiklere Eri\u015fim<\/strong><\/span><\/h4>\n<p style=\"text-align: justify;\">AS\u00dcD, bu ba\u011flamda \u00fcyelerinin sekt\u00f6r hakk\u0131nda do\u011fru ve g\u00fcncel bilgiye eri\u015fmesini sa\u011flayan \u00f6nemli bir bilgi a\u011f\u0131 niteli\u011findedir. \u00dcyeler, kesintisiz olarak a\u015fa\u011f\u0131daki ba\u015fl\u0131klar hakk\u0131nda bilgilendirilir. Bu bilgi ak\u0131\u015f\u0131, firmalar\u0131n stratejik karar alma s\u00fcre\u00e7lerinde \u00f6nemli bir avantaj sa\u011flar.<\/p>\n<ul style=\"text-align: justify;\">\n<li>Resm\u00ee Gazete ve mevzuat de\u011fi\u015fiklikleri<\/li>\n<li>Bakanl\u0131k ve ilgili kurum duyurular\u0131<\/li>\n<li>Ulusal ve uluslararas\u0131 sekt\u00f6r haberleri<\/li>\n<li>Sekt\u00f6rel istatistikler ve analizler<\/li>\n<\/ul>\n<h4 style=\"text-align: justify;\"><span style=\"color: #259624;\"><strong>E\u011fitim Programlar\u0131 <\/strong><\/span><\/h4>\n<p style=\"text-align: justify;\">AS\u00dcD, sekt\u00f6r profesyonellerinin bilgi ve yetkinliklerini art\u0131rmak amac\u0131yla <strong><a href=\"https:\/\/www.asuder.org.tr\/etiket\/egitim\/\">Sekt\u00f6rel Geli\u015fim Programlar\u0131<\/a><\/strong> kapsam\u0131nda \u00e7e\u015fitli e\u011fitim faaliyetleri y\u00fcr\u00fct\u00fcr. E\u011fitimler; g\u0131da g\u00fcvenli\u011fi, \u00fcretim teknolojileri, s\u00fcrd\u00fcr\u00fclebilirlik, kalite y\u00f6netimi ve inovasyon gibi konular\u0131 kapsar. Bu kapsamda a\u015fa\u011f\u0131daki imkanlar sunulur:<\/p>\n<ul style=\"text-align: justify;\">\n<li>Sekt\u00f6rel e\u011fitim programlar\u0131<\/li>\n<li>Webinarlar ve teknik seminerler<\/li>\n<li>Firma, \u00fcr\u00fcn ve hizmet \u00f6zelinde e\u011fitimler<\/li>\n<li>\u00dcyelere \u00f6zel indirimli veya \u00fccretsiz e\u011fitim imkanlar\u0131<\/li>\n<\/ul>\n<h4 style=\"text-align: justify;\"><span style=\"color: #259624;\"><strong>Medya, Tan\u0131t\u0131m ve Kurumsal G\u00f6r\u00fcn\u00fcrl\u00fck<\/strong><\/span><\/h4>\n<p style=\"text-align: justify;\">AS\u00dcD \u00fcyeleri, derne\u011fin ileti\u015fim kanallar\u0131 arac\u0131l\u0131\u011f\u0131yla sekt\u00f6rel g\u00f6r\u00fcn\u00fcrl\u00fck kazan\u0131r.<\/p>\n<ul style=\"text-align: justify;\">\n<li>Sekt\u00f6r\u00fcn \u00f6nde gelen \u00fcretici ve tedarik\u00e7ilerinin bulundu\u011fu <strong><a href=\"https:\/\/www.asuder.org.tr\/hakkimizda\/uyelerimiz\/\">AS\u00dcD \u00dcyeler<\/a><\/strong> sayfas\u0131nda listelenmek<\/li>\n<li>Firma faaliyetlerinin AS\u00dcD web sitesi ve sosyal medya kanallar\u0131nda duyurulmas\u0131<\/li>\n<li>Sosyal sorumluluk projelerinin tan\u0131t\u0131lmas\u0131<\/li>\n<li>AS\u00dcD web sitesinde indirimli sponsorluk imk\u00e2n\u0131<\/li>\n<\/ul>\n<h4 style=\"text-align: justify;\"><span style=\"color: #259624;\"><strong>Sekt\u00f6r\u00fcn \u00c7at\u0131 Kurulu\u015flar\u0131yla Do\u011frudan \u0130leti\u015fim<\/strong><\/span><\/h4>\n<p style=\"text-align: justify;\">AS\u00dcD \u00fcyeleri, sekt\u00f6r\u00fcn en \u00f6nemli kurumsal platformlar\u0131yla do\u011frudan temas kurma f\u0131rsat\u0131 elde eder. Bu sayede \u00fcyeler sekt\u00f6r\u00fcn \u00fcst d\u00fczey karar mekanizmalar\u0131yla do\u011frudan ileti\u015fim kurabilir.<\/p>\n<ul style=\"text-align: justify;\">\n<li>Ulusal S\u00fct Konseyi (USK) Sanayici Alt Grubunda temsil, bu sayede USK ile isti\u015fare ve g\u00f6r\u00fc\u015f al\u0131\u015fveri\u015fi<\/li>\n<li>TOBB, T\u00fcrkiye G\u0131da ve \u0130\u00e7ecek Sanayii Dernekleri Federasyonu (TGDF) faaliyetlerine eri\u015fim<\/li>\n<li>Bu kurulu\u015flar\u0131n faaliyet, toplant\u0131 ve webinarlar\u0131na kat\u0131l\u0131m<\/li>\n<\/ul>\n<h4 style=\"text-align: justify;\"><span style=\"color: #259624;\"><strong>Dan\u0131\u015fmanl\u0131k ve Sekt\u00f6rel Rehberlik<\/strong><\/span><\/h4>\n<p style=\"text-align: justify;\">AS\u00dcD, \u00fcyelerine \u00e7e\u015fitli alanlarda rehberlik ve dan\u0131\u015fmanl\u0131k deste\u011fi sa\u011flar. Bu destek mekanizmas\u0131, \u00f6zellikle de\u011fi\u015fken reg\u00fclasyon ortam\u0131nda firmalar\u0131n daha g\u00fcvenli hareket etmesine yard\u0131mc\u0131 olur. Ba\u015fl\u0131ca destek alanlar\u0131:<\/p>\n<ul style=\"text-align: justify;\">\n<li>Mevzuat dan\u0131\u015fmanl\u0131\u011f\u0131<\/li>\n<li>\u00dcyelerle sekt\u00f6rel deneyim payla\u015f\u0131m\u0131 ve sekt\u00f6rel sorunlara ortak \u00e7\u00f6z\u00fcm geli\u015ftirme<\/li>\n<\/ul>\n<h4 style=\"text-align: justify;\"><span style=\"color: #259624;\"><strong>Sosyal Sorumluluk ve Sekt\u00f6rel \u0130tibar<\/strong><\/span><\/h4>\n<p style=\"text-align: justify;\">AS\u00dcD, s\u00fct ve s\u00fct \u00fcr\u00fcnlerinin toplum sa\u011fl\u0131\u011f\u0131 a\u00e7\u0131s\u0131ndan \u00f6nemine dikkat \u00e7eken ve kamuoyu ile ileti\u015fim hedefleyen \u00e7e\u015fitli sosyal sorumluluk projeleri y\u00fcr\u00fctmektedir. Bu projeler a\u015fa\u011f\u0131daki hedeflere y\u00f6nelik tasarlan\u0131r:<\/p>\n<ul>\n<li style=\"text-align: justify;\">T\u00fcketici bilincinin art\u0131r\u0131lmas\u0131<\/li>\n<li style=\"text-align: justify;\">Sekt\u00f6rdeki bilgi kirlili\u011fiyle m\u00fccadele<\/li>\n<li style=\"text-align: justify;\">G\u00fcvenilir g\u0131da \u00fcretiminin desteklenmesi<\/li>\n<li style=\"text-align: justify;\">S\u00fct ve s\u00fct \u00fcr\u00fcnleri t\u00fcketiminin te\u015fvik edilmesi<\/li>\n<\/ul>\n<blockquote class=\"mom_quote\" style=\"font-family:;\"><p><a href=\"https:\/\/www.asuder.org.tr\/hakkimizda\/uyelerimiz\/\"><b>\u00dcyelerimiz<\/b><\/a><\/p><\/blockquote>\n<p><\/p>\n<blockquote class=\"mom_quote\" style=\"font-family:;\"><p><a href=\"https:\/\/www.asuder.org.tr\/hakkimizda\/uyelik-sartlari\/\"><b>\u00dcyelik \u015eartlar\u0131<\/b><\/a><\/p><\/blockquote>\n<p>\n\u00a0<\/p>\n<p class=\"bawpvc-ajax-counter\" data-id=\"28033\"> (11)<\/p>\n<div class=\"pvc_clear\"><\/div>\n<p id=\"pvc_stats_28033\" class=\"pvc_stats all\" data-element-id=\"28033\" style=\"\"><i class=\"pvc-stats-icon medium\" aria-hidden=\"true\"><svg aria-hidden=\"true\" focusable=\"false\" data-prefix=\"far\" data-icon=\"chart-bar\" role=\"img\" xmlns=\"http:\/\/www.w3.org\/2000\/svg\" viewbox=\"0 0 512 512\" class=\"svg-inline--fa fa-chart-bar fa-w-16 fa-2x\"><path fill=\"currentColor\" d=\"M396.8 352h22.4c6.4 0 12.8-6.4 12.8-12.8V108.8c0-6.4-6.4-12.8-12.8-12.8h-22.4c-6.4 0-12.8 6.4-12.8 12.8v230.4c0 6.4 6.4 12.8 12.8 12.8zm-192 0h22.4c6.4 0 12.8-6.4 12.8-12.8V140.8c0-6.4-6.4-12.8-12.8-12.8h-22.4c-6.4 0-12.8 6.4-12.8 12.8v198.4c0 6.4 6.4 12.8 12.8 12.8zm96 0h22.4c6.4 0 12.8-6.4 12.8-12.8V204.8c0-6.4-6.4-12.8-12.8-12.8h-22.4c-6.4 0-12.8 6.4-12.8 12.8v134.4c0 6.4 6.4 12.8 12.8 12.8zM496 400H48V80c0-8.84-7.16-16-16-16H16C7.16 64 0 71.16 0 80v336c0 17.67 14.33 32 32 32h464c8.84 0 16-7.16 16-16v-16c0-8.84-7.16-16-16-16zm-387.2-48h22.4c6.4 0 12.8-6.4 12.8-12.8v-70.4c0-6.4-6.4-12.8-12.8-12.8h-22.4c-6.4 0-12.8 6.4-12.8 12.8v70.4c0 6.4 6.4 12.8 12.8 12.8z\" class=\"\"><\/path><\/svg><\/i> <img loading=\"lazy\" decoding=\"async\" width=\"16\" height=\"16\" alt=\"Loading\" src=\"https:\/\/www.sutyo.com\/wp-content\/uploads\/2026\/03\/ajax-loader-2x-4.gif\" border=\"0\"><\/p>\n<div class=\"pvc_clear\"><\/div>\n<\/div>","protected":false},"excerpt":{"rendered":"<p>2009 y\u0131l\u0131nda kurulan Ambalajl\u0131 S\u00fct ve S\u00fct \u00dcr\u00fcnleri Sanayicileri Derne\u011fi (AS\u00dcD), 150 \u00fcyesiyle T\u00fcrkiye\u2019de s\u00fct ve s\u00fct \u00fcr\u00fcnleri sekt\u00f6r\u00fcn\u00fcn s\u00fcrd\u00fcr\u00fclebilir b\u00fcy\u00fcmesini, g\u0131da g\u00fcvenli\u011fini ve uluslararas\u0131 rekabet g\u00fcc\u00fcn\u00fc geli\u015ftirmek amac\u0131yla faaliyet g\u00f6steren sekt\u00f6r\u00fcn en \u00f6nemli sivil toplum kurulu\u015fudur. AS\u00dcD \u00fcyeli\u011fi; yaln\u0131zca bir dernek \u00fcyeli\u011fi de\u011fil, ayn\u0131 zamanda sekt\u00f6r\u00fcn gelece\u011fini \u015fekillendiren karar s\u00fcre\u00e7lerinde yer almak, g\u00fc\u00e7l\u00fc bir &hellip; <a href=\"https:\/\/www.sutyo.com\/tr\/asude-neden-uye-olmalisiniz\/\" class=\"more-link\">Okumaya devam et<span class=\"screen-reader-text\"> &#8220;AS\u00dcD\u2019e Neden \u00dcye Olmal\u0131s\u0131n\u0131z?&#8221;<\/span><\/a><\/p>","protected":false},"author":1271,"featured_media":0,"comment_status":"closed","ping_status":"closed","sticky":false,"template":"","format":"standard","meta":{"_exactmetrics_skip_tracking":false,"_exactmetrics_sitenote_active":false,"_exactmetrics_sitenote_note":"","_exactmetrics_sitenote_category":0,"footnotes":""},"categories":[393],"tags":[],"class_list":["post-5935","post","type-post","status-publish","format-standard","hentry","category-hayvancilik"],"aioseo_notices":[],"_links":{"self":[{"href":"https:\/\/www.sutyo.com\/tr\/wp-json\/wp\/v2\/posts\/5935","targetHints":{"allow":["GET"]}}],"collection":[{"href":"https:\/\/www.sutyo.com\/tr\/wp-json\/wp\/v2\/posts"}],"about":[{"href":"https:\/\/www.sutyo.com\/tr\/wp-json\/wp\/v2\/types\/post"}],"author":[{"embeddable":true,"href":"https:\/\/www.sutyo.com\/tr\/wp-json\/wp\/v2\/users\/1271"}],"replies":[{"embeddable":true,"href":"https:\/\/www.sutyo.com\/tr\/wp-json\/wp\/v2\/comments?post=5935"}],"version-history":[{"count":0,"href":"https:\/\/www.sutyo.com\/tr\/wp-json\/wp\/v2\/posts\/5935\/revisions"}],"wp:attachment":[{"href":"https:\/\/www.sutyo.com\/tr\/wp-json\/wp\/v2\/media?parent=5935"}],"wp:term":[{"taxonomy":"category","embeddable":true,"href":"https:\/\/www.sutyo.com\/tr\/wp-json\/wp\/v2\/categories?post=5935"},{"taxonomy":"post_tag","embeddable":true,"href":"https:\/\/www.sutyo.com\/tr\/wp-json\/wp\/v2\/tags?post=5935"}],"curies":[{"name":"wp","href":"https:\/\/api.w.org\/{rel}","templated":true}]}}