{"id":5917,"date":"2026-03-11T03:03:45","date_gmt":"2026-03-11T03:03:45","guid":{"rendered":"https:\/\/www.sutyo.com\/turkiye-sut-sektorunun-gucunu-birlestiren-asudun-17-yillik-yolculugu\/"},"modified":"2026-03-11T03:03:45","modified_gmt":"2026-03-11T03:03:45","slug":"turkiye-sut-sektorunun-gucunu-birlestiren-asudun-17-yillik-yolculugu","status":"publish","type":"post","link":"https:\/\/www.sutyo.com\/tr\/turkiye-sut-sektorunun-gucunu-birlestiren-asudun-17-yillik-yolculugu\/","title":{"rendered":"T\u00fcrkiye S\u00fct Sekt\u00f6r\u00fcn\u00fcn G\u00fcc\u00fcn\u00fc Birle\u015ftiren AS\u00dcD\u2019\u00fcn 17 Y\u0131ll\u0131k Yolculu\u011fu"},"content":{"rendered":"<div>\n<p style=\"text-align: justify;\"><strong><a href=\"https:\/\/www.asuder.org.tr\/hakkimizda\/baskanin-mesaji\/harun-calli-edited-baskanin-mesaji\/\" rel=\"attachment wp-att-27995\"><img fetchpriority=\"high\" decoding=\"async\" class=\"wp-image-27995 alignleft\" src=\"https:\/\/www.sutyo.com\/wp-content\/uploads\/2026\/03\/harun-calli-edited-baskanin-mesaji-669x1024-1.jpg\" alt=\"\" width=\"211\" height=\"323\" srcset=\"https:\/\/www.sutyo.com\/wp-content\/uploads\/2026\/03\/harun-calli-edited-baskanin-mesaji-669x1024-1.jpg 669w, https:\/\/www.asuder.org.tr\/wp-content\/uploads\/2026\/03\/harun-calli-edited-baskanin-mesaji-392x600.jpg 392w, https:\/\/www.asuder.org.tr\/wp-content\/uploads\/2026\/03\/harun-calli-edited-baskanin-mesaji.jpg 948w\" sizes=\"(max-width: 211px) 100vw, 211px\"><\/a>6 Mart 2009\u2019da \u201cS\u00fct\u00fcn gelece\u011fi, T\u00fcrkiye\u2019nin gelece\u011fidir\u201d vizyonuyla kurulan Ambalajl\u0131 S\u00fct ve S\u00fct \u00dcr\u00fcnleri Sanayicileri Derne\u011fi (AS\u00dcD), bug\u00fcn T\u00fcrkiye s\u00fct sekt\u00f6r\u00fcn\u00fcn en g\u00fc\u00e7l\u00fc temsil platformu olarak 17. kurulu\u015f y\u0131l\u0131n\u0131 kutlaman\u0131n gururunu ya\u015f\u0131yor.<\/strong><\/p>\n<p style=\"text-align: justify;\">Kuruldu\u011fumuz g\u00fcnden bu yana temel hedefimiz; T\u00fcrkiye\u2019de s\u00fct ve s\u00fct \u00fcr\u00fcnleri sekt\u00f6r\u00fcn\u00fc kamu yarar\u0131, bilimsel veriler, g\u00fc\u00e7l\u00fc i\u015f birlikleri ve ortak ak\u0131l vizyonuyla geli\u015ftirmek oldu. Bug\u00fcn AS\u00dcD, 150\u2019ye ula\u015fan \u00fcyesiyle T\u00fcrkiye\u2019nin en \u00f6nemli s\u00fct ve s\u00fct \u00fcr\u00fcnleri \u00fcreticilerini ayn\u0131 \u00e7at\u0131 alt\u0131nda bulu\u015fturan g\u00fc\u00e7l\u00fc bir sekt\u00f6r organizasyonu haline gelmi\u015ftir.<\/p>\n<p style=\"text-align: justify;\">Kuruldu\u011fumuz ilk g\u00fcnden bu yana temel ama\u00e7lar\u0131m\u0131z; T\u00fcrkiye\u2019de s\u00fct ve s\u00fct \u00fcr\u00fcnleri sanayisini geli\u015ftirmek, sekt\u00f6r\u00fcn ortak sorunlar\u0131na \u00e7\u00f6z\u00fcm \u00fcretmek ve t\u00fcketicilere g\u00fcvenilir ve kaliteli s\u00fct \u00fcr\u00fcnleri ula\u015ft\u0131r\u0131lmas\u0131na katk\u0131 sa\u011flamakt\u0131r.<\/p>\n<h3 style=\"text-align: left;\"><strong>Sekt\u00f6r\u00fcn geli\u015fimine katk\u0131 sa\u011flayan bir yap\u0131<\/strong><\/h3>\n<p style=\"text-align: justify;\">AS\u00dcD, kurulu\u015fundan bu yana yaln\u0131zca bir meslek \u00f6rg\u00fct\u00fc de\u011fil, ayn\u0131 zamanda sekt\u00f6rel politika \u00fcretimine katk\u0131 sa\u011flayan bir payda\u015f olmu\u015ftur. Ba\u015fta Tar\u0131m ve Orman Bakanl\u0131\u011f\u0131 olmak \u00fczere kamu kurumlar\u0131yla y\u00fcr\u00fct\u00fclen \u00e7al\u0131\u015fmalarla s\u00fct politikalar\u0131n\u0131n geli\u015ftirilmesi, g\u0131da g\u00fcvenli\u011fi ve kalite standartlar\u0131n\u0131n g\u00fc\u00e7lendirilmesi, sekt\u00f6r\u00fcn uluslararas\u0131 rekabet g\u00fcc\u00fcn\u00fcn art\u0131r\u0131lmas\u0131 gibi alanlarda aktif rol \u00fcstlendik.<\/p>\n<p style=\"text-align: justify;\">Bu s\u00fcre\u00e7te, T\u00fcrkiye\u2019de s\u00fct \u00fcretimi de \u00f6nemli bir geli\u015fim g\u00f6sterdi. T\u00dc\u0130K verilerine g\u00f6re \u00fclkemizde \u00e7i\u011f s\u00fct \u00fcretimi 2024 y\u0131l\u0131nda yakla\u015f\u0131k 22,5 milyon tona ula\u015farak \u00f6nemli bir \u00fcretim kapasitesini ortaya koydu.<\/p>\n<h3 style=\"text-align: justify;\"><strong>Okul S\u00fct\u00fc Projesi: Toplumsal fayda i\u00e7in \u00f6rnek bir model<\/strong><\/h3>\n<p style=\"text-align: justify;\">AS\u00dcD\u2019\u00fcn kamu yarar\u0131 ba\u011flam\u0131nda en \u00f6nemli katk\u0131lar\u0131ndan biri, \u00e7ocuklar\u0131n sa\u011fl\u0131kl\u0131 beslenmesini destekleyen ve 2013 y\u0131l\u0131nda uygulamaya ge\u00e7irilen Okul S\u00fct\u00fc Program\u0131\u2019d\u0131r. AS\u00dcD, kamu kurumlar\u0131yla i\u015f birli\u011fi halinde y\u00fcr\u00fct\u00fclen bu program\u0131n geli\u015ftirilmesi ve uygulanmas\u0131nda aktif rol \u00fcstlenmi\u015f; milyonlarca \u00e7ocu\u011fun s\u00fctle bulu\u015fmas\u0131na katk\u0131 sa\u011flam\u0131\u015ft\u0131r.<\/p>\n<p style=\"text-align: justify;\">Bu proje sayesinde \u00e7ocuklarda s\u00fct t\u00fcketim al\u0131\u015fkanl\u0131\u011f\u0131n\u0131n art\u0131r\u0131lmas\u0131, dengeli beslenme bilincinin yayg\u0131nla\u015ft\u0131r\u0131lmas\u0131, s\u00fct \u00fcreticileri ve sanayicileri i\u00e7in s\u00fcrd\u00fcr\u00fclebilir bir pazar olu\u015fturulmas\u0131 gibi kazan\u0131mlar elde edilmi\u015ftir.<\/p>\n<h3 style=\"text-align: left;\"><strong>S\u00fct \u00fcr\u00fcnleri ihracat\u0131nda b\u00fcy\u00fcyen potansiyel<\/strong><\/h3>\n<p style=\"text-align: justify;\">T\u00fcrk s\u00fct ve s\u00fct \u00fcr\u00fcnleri sekt\u00f6r\u00fc, son y\u0131llarda uluslararas\u0131 pazarlarda da giderek daha g\u00fc\u00e7l\u00fc bir konuma gelmektedir. 2025 y\u0131l\u0131nda s\u00fct ve s\u00fct \u00fcr\u00fcnleri ihracat\u0131, \u00f6nceki y\u0131la g\u00f6re %7\u2019ye yak\u0131n bir art\u0131\u015fla 523,3 milyon dolara ula\u015fm\u0131\u015ft\u0131r. Sekt\u00f6r toplamda 112 \u00fclkeye ihracat yapmaktad\u0131r.<\/p>\n<p style=\"text-align: justify;\">AS\u00dcD\u2019\u00fcn ba\u015flatm\u0131\u015f oldu\u011fu; kamu, sanayi, akademi i\u015f birli\u011fi ve i\u015fletmelerin deste\u011fiyle s\u00fcrd\u00fcr\u00fclen T\u00fcrkiye S\u00fct ve S\u00fct \u00dcr\u00fcnleri Sekt\u00f6r\u00fcn\u00fcn AB Pazar\u0131nda Giri\u015finin Desteklenmesi Projesi kapsam\u0131ndaki 3 y\u0131ll\u0131k \u00e7al\u0131\u015fmalar neticesinde 2013 itibariyle 6 \u00fcreticimiz tesisimiz AB taraf\u0131ndan ihracat i\u00e7in onay alm\u0131\u015ft\u0131. Bug\u00fcn bu say\u0131 43\u2019e ula\u015fm\u0131\u015f durumdad\u0131r.<\/p>\n<p style=\"text-align: justify;\">AS\u00dcD olarak biz de sekt\u00f6r\u00fcn ihracat potansiyelinin art\u0131r\u0131lmas\u0131, uluslararas\u0131 ticarette kar\u015f\u0131la\u015f\u0131lan engellerin kald\u0131r\u0131lmas\u0131 ve T\u00fcrkiye s\u00fct \u00fcr\u00fcnlerinin d\u00fcnya pazarlar\u0131nda daha g\u00fc\u00e7l\u00fc yer almas\u0131 i\u00e7in \u00e7al\u0131\u015fmalar y\u00fcr\u00fctmeye devam ediyoruz.<\/p>\n<h3 style=\"text-align: left;\"><strong>Sekt\u00f6r\u00fcn s\u00fcrd\u00fcr\u00fclebilirli\u011fine odaklanan AB projesi<\/strong><\/h3>\n<p style=\"text-align: justify;\">AS\u00dcD olarak 2019 y\u0131l\u0131nda ba\u015flatt\u0131\u011f\u0131m\u0131z T\u00fcrkiye S\u00fct\u00e7\u00fcl\u00fck Sekt\u00f6r\u00fcn\u00fcn Su S\u00fcrd\u00fcr\u00fclebilirli\u011fi: Verimlilik, Riskler ve K\u0131r\u0131lganl\u0131klar Projesi kapsam\u0131nda, T\u00fcrkiye\u2019de ilk kez s\u00fct sekt\u00f6r\u00fcn\u00fcn su ba\u011flam\u0131nda kar\u015f\u0131 kar\u015f\u0131ya oldu\u011fu riskler analiz edilmi\u015f ve s\u00fcrd\u00fcr\u00fclebilirlik a\u00e7\u0131s\u0131ndan \u00f6nemli mesafe kat edilmi\u015ftir.<\/p>\n<h3 style=\"text-align: left;\"><strong>Gelece\u011fe bak\u0131\u015f ve g\u00fc\u00e7l\u00fc bir s\u00fct sekt\u00f6r\u00fc<\/strong><\/h3>\n<p style=\"text-align: justify;\">Bug\u00fcn geldi\u011fimiz noktada s\u00fct sekt\u00f6r\u00fc de\u011fi\u015fen t\u00fcketim al\u0131\u015fkanl\u0131klar\u0131, s\u00fcrd\u00fcr\u00fclebilir \u00fcretim ve \u00e7evresel etkilerin azalt\u0131lmas\u0131, dijital d\u00f6n\u00fc\u015f\u00fcm ve verimlilik gibi yeni ba\u015fl\u0131klarla \u015fekillenmektedir.<\/p>\n<p style=\"text-align: justify;\">AS\u00dcD olarak \u00f6n\u00fcm\u00fczdeki d\u00f6nemde de s\u00fcrd\u00fcr\u00fclebilir s\u00fct \u00fcretimi, karbon ayak izinin azalt\u0131lmas\u0131, uluslararas\u0131 rekabet g\u00fcc\u00fcn\u00fcn art\u0131r\u0131lmas\u0131, t\u00fcketici g\u00fcveninin g\u00fc\u00e7lendirilmesi ve bilgi kirlili\u011fiyle bilimsel eksende m\u00fccadele edilmesi ba\u015fl\u0131klar\u0131nda \u00e7al\u0131\u015fmalar\u0131m\u0131z\u0131 kararl\u0131l\u0131kla s\u00fcrd\u00fcrece\u011fiz.<\/p>\n<h3 style=\"text-align: left;\"><strong>Birlikte yaz\u0131lan bir ba\u015far\u0131 hikayesi<\/strong><\/h3>\n<p style=\"text-align: justify;\">AS\u00dcD\u2019\u00fcn 17 y\u0131ll\u0131k ser\u00fcveni; sekt\u00f6r payda\u015flar\u0131n\u0131n ve kamu temsilcilerimizin ortak eme\u011fi ve kararl\u0131l\u0131\u011f\u0131yla \u015fekillenmi\u015ftir. Bu s\u00fcre\u00e7te eme\u011fi ge\u00e7en kurucu \u00fcyelerimize, y\u00f6netim kurullar\u0131m\u0131za, sekt\u00f6r payda\u015flar\u0131m\u0131za ve t\u00fcm \u00fcyelerimize te\u015fekk\u00fcr ediyorum.<\/p>\n<p style=\"text-align: justify;\">AS\u00dcD olarak bundan sonra da T\u00fcrkiye s\u00fct sekt\u00f6r\u00fcn\u00fcn g\u00fc\u00e7l\u00fc, s\u00fcrd\u00fcr\u00fclebilir ve rekabet\u00e7i bir yap\u0131ya kavu\u015fmas\u0131 i\u00e7in \u00e7al\u0131\u015fmaya devam edece\u011fiz.<\/p>\n<p>17. kurulu\u015f y\u0131l\u0131m\u0131z\u0131n sekt\u00f6r\u00fcm\u00fcz ve \u00fclkemiz i\u00e7in hay\u0131rl\u0131 olmas\u0131n\u0131 temenni ediyorum.<\/p>\n<p style=\"text-align: justify;\"><strong>Harun \u00c7all\u0131<\/strong><\/p>\n<p style=\"text-align: justify;\"><strong><em>AS\u00dcD Y\u00f6netim Kurulu Ba\u015fkan\u0131<\/em><\/strong><\/p>\n<p class=\"bawpvc-ajax-counter\" data-id=\"27997\"> (7)<\/p>\n<div class=\"pvc_clear\"><\/div>\n<p id=\"pvc_stats_27997\" class=\"pvc_stats all\" data-element-id=\"27997\" style=\"\"><i class=\"pvc-stats-icon medium\" aria-hidden=\"true\"><svg aria-hidden=\"true\" focusable=\"false\" data-prefix=\"far\" data-icon=\"chart-bar\" role=\"img\" xmlns=\"http:\/\/www.w3.org\/2000\/svg\" viewbox=\"0 0 512 512\" class=\"svg-inline--fa fa-chart-bar fa-w-16 fa-2x\"><path fill=\"currentColor\" d=\"M396.8 352h22.4c6.4 0 12.8-6.4 12.8-12.8V108.8c0-6.4-6.4-12.8-12.8-12.8h-22.4c-6.4 0-12.8 6.4-12.8 12.8v230.4c0 6.4 6.4 12.8 12.8 12.8zm-192 0h22.4c6.4 0 12.8-6.4 12.8-12.8V140.8c0-6.4-6.4-12.8-12.8-12.8h-22.4c-6.4 0-12.8 6.4-12.8 12.8v198.4c0 6.4 6.4 12.8 12.8 12.8zm96 0h22.4c6.4 0 12.8-6.4 12.8-12.8V204.8c0-6.4-6.4-12.8-12.8-12.8h-22.4c-6.4 0-12.8 6.4-12.8 12.8v134.4c0 6.4 6.4 12.8 12.8 12.8zM496 400H48V80c0-8.84-7.16-16-16-16H16C7.16 64 0 71.16 0 80v336c0 17.67 14.33 32 32 32h464c8.84 0 16-7.16 16-16v-16c0-8.84-7.16-16-16-16zm-387.2-48h22.4c6.4 0 12.8-6.4 12.8-12.8v-70.4c0-6.4-6.4-12.8-12.8-12.8h-22.4c-6.4 0-12.8 6.4-12.8 12.8v70.4c0 6.4 6.4 12.8 12.8 12.8z\" class=\"\"><\/path><\/svg><\/i> <img loading=\"lazy\" decoding=\"async\" width=\"16\" height=\"16\" alt=\"Loading\" src=\"https:\/\/www.sutyo.com\/wp-content\/uploads\/2026\/03\/ajax-loader-2x-2.gif\" border=\"0\"><\/p>\n<div class=\"pvc_clear\"><\/div>\n<\/div>","protected":false},"excerpt":{"rendered":"<p>6 Mart 2009\u2019da \u201cS\u00fct\u00fcn gelece\u011fi, T\u00fcrkiye\u2019nin gelece\u011fidir\u201d vizyonuyla kurulan Ambalajl\u0131 S\u00fct ve S\u00fct \u00dcr\u00fcnleri Sanayicileri Derne\u011fi (AS\u00dcD), bug\u00fcn T\u00fcrkiye s\u00fct sekt\u00f6r\u00fcn\u00fcn en g\u00fc\u00e7l\u00fc temsil platformu olarak 17. kurulu\u015f y\u0131l\u0131n\u0131 kutlaman\u0131n gururunu ya\u015f\u0131yor. Kuruldu\u011fumuz g\u00fcnden bu yana temel hedefimiz; T\u00fcrkiye\u2019de s\u00fct ve s\u00fct \u00fcr\u00fcnleri sekt\u00f6r\u00fcn\u00fc kamu yarar\u0131, bilimsel veriler, g\u00fc\u00e7l\u00fc i\u015f birlikleri ve ortak ak\u0131l vizyonuyla &hellip; <a href=\"https:\/\/www.sutyo.com\/tr\/turkiye-sut-sektorunun-gucunu-birlestiren-asudun-17-yillik-yolculugu\/\" class=\"more-link\">Okumaya devam et<span class=\"screen-reader-text\"> &#8220;T\u00fcrkiye S\u00fct Sekt\u00f6r\u00fcn\u00fcn G\u00fcc\u00fcn\u00fc Birle\u015ftiren AS\u00dcD\u2019\u00fcn 17 Y\u0131ll\u0131k Yolculu\u011fu&#8221;<\/span><\/a><\/p>","protected":false},"author":1271,"featured_media":0,"comment_status":"closed","ping_status":"closed","sticky":false,"template":"","format":"standard","meta":{"_exactmetrics_skip_tracking":false,"_exactmetrics_sitenote_active":false,"_exactmetrics_sitenote_note":"","_exactmetrics_sitenote_category":0,"footnotes":""},"categories":[393],"tags":[],"class_list":["post-5917","post","type-post","status-publish","format-standard","hentry","category-hayvancilik"],"aioseo_notices":[],"_links":{"self":[{"href":"https:\/\/www.sutyo.com\/tr\/wp-json\/wp\/v2\/posts\/5917","targetHints":{"allow":["GET"]}}],"collection":[{"href":"https:\/\/www.sutyo.com\/tr\/wp-json\/wp\/v2\/posts"}],"about":[{"href":"https:\/\/www.sutyo.com\/tr\/wp-json\/wp\/v2\/types\/post"}],"author":[{"embeddable":true,"href":"https:\/\/www.sutyo.com\/tr\/wp-json\/wp\/v2\/users\/1271"}],"replies":[{"embeddable":true,"href":"https:\/\/www.sutyo.com\/tr\/wp-json\/wp\/v2\/comments?post=5917"}],"version-history":[{"count":0,"href":"https:\/\/www.sutyo.com\/tr\/wp-json\/wp\/v2\/posts\/5917\/revisions"}],"wp:attachment":[{"href":"https:\/\/www.sutyo.com\/tr\/wp-json\/wp\/v2\/media?parent=5917"}],"wp:term":[{"taxonomy":"category","embeddable":true,"href":"https:\/\/www.sutyo.com\/tr\/wp-json\/wp\/v2\/categories?post=5917"},{"taxonomy":"post_tag","embeddable":true,"href":"https:\/\/www.sutyo.com\/tr\/wp-json\/wp\/v2\/tags?post=5917"}],"curies":[{"name":"wp","href":"https:\/\/api.w.org\/{rel}","templated":true}]}}