{"id":5913,"date":"2026-03-11T03:03:26","date_gmt":"2026-03-11T03:03:26","guid":{"rendered":"https:\/\/www.sutyo.com\/nordik-ve-baltik-yatirimcilar-ruandanin-yesil-finans-ekosistemine-ilgi-gosteriyor\/"},"modified":"2026-03-11T03:03:26","modified_gmt":"2026-03-11T03:03:26","slug":"nordik-ve-baltik-yatirimcilar-ruandanin-yesil-finans-ekosistemine-ilgi-gosteriyor","status":"publish","type":"post","link":"https:\/\/www.sutyo.com\/tr\/nordik-ve-baltik-yatirimcilar-ruandanin-yesil-finans-ekosistemine-ilgi-gosteriyor\/","title":{"rendered":"Nordik ve Balt\u0131k Yat\u0131r\u0131mc\u0131lar Ruanda\u2019n\u0131n Ye\u015fil Finans Ekosistemine \u0130lgi G\u00f6steriyor"},"content":{"rendered":"<div>\n<p>Ye\u015fil ve s\u00fcrd\u00fcr\u00fclebilir finans, Ruanda\u2019n\u0131n bir\u00e7ok \u00f6ncelikli sekt\u00f6rde yat\u0131r\u0131m \u00e7ekmeye \u00e7al\u0131\u015ft\u0131\u011f\u0131 bir d\u00f6nemde \u00fclkenin \u00f6nemli yat\u0131r\u0131m f\u0131rsatlar\u0131ndan biri olarak \u00f6ne \u00e7\u0131k\u0131yor.<\/p>\n<p>9 Mart Pazartesi g\u00fcn\u00fc Kigali\u2019de d\u00fczenlenen Rwanda\u2013Nordic ve Baltic Business Forum 2026 kapsam\u0131nda yetkililer, turizm, fintech, inovasyon ve s\u00fcrd\u00fcr\u00fclebilir kalk\u0131nma alanlar\u0131nda ortaya \u00e7\u0131kan f\u0131rsatlar\u0131 ele ald\u0131.<\/p>\n<p>\u0130kinci Rwanda\u2013Nordic \u0130\u015f Forumu, \u00f6nceki y\u0131l 150 olan yat\u0131r\u0131mc\u0131 say\u0131s\u0131n\u0131n 250\u2019ye y\u00fckselmesiyle Kuzey Avrupa\u2019dan geni\u015f kat\u0131l\u0131ml\u0131 bir yat\u0131r\u0131mc\u0131 grubunu bir araya getirdi. Bu yat\u0131r\u0131mc\u0131lar teknoloji, ileti\u015fim, gayrimenkul, tar\u0131m, i\u015f d\u00fcnyas\u0131, sa\u011fl\u0131k, ila\u00e7 ve e\u011fitim gibi farkl\u0131 sekt\u00f6rlerde faaliyet g\u00f6steriyor.<\/p>\n<p>Ruanda Kalk\u0131nma Kurulu (RDB) CEO\u2019su Jean-Guy Afrika, forum hakk\u0131nda \u015fu de\u011ferlendirmede bulundu:<\/p>\n<p>\u201cBu forum, Ruanda\u2019y\u0131 ticaret, yat\u0131r\u0131m, lojistik ve hizmetler i\u00e7in bir merkez olarak konumland\u0131rma vizyonumuzu g\u00f6stermek a\u00e7\u0131s\u0131ndan \u00f6nemli bir f\u0131rsat sunuyor. Ruanda yaln\u0131zca ulusal pazar i\u00e7in de\u011fil, ayn\u0131 zamanda Do\u011fu Afrika Toplulu\u011fu (EAC), Do\u011fu ve G\u00fcney Afrika Ortak Pazar\u0131 (COMESA) ve gelecekte Afrika K\u0131tasal Serbest Ticaret B\u00f6lgesi (AfCFTA) i\u00e7in de bir ge\u00e7it konumundad\u0131r.\u201d<\/p>\n<p>2000 y\u0131l\u0131ndan bu yana Ruanda, Nordik ve Balt\u0131k b\u00f6lgelerinden 200 milyon dolar\u0131n \u00fczerinde yat\u0131r\u0131m \u00e7ekti. Bu yat\u0131r\u0131mlar iyi y\u00f6neti\u015fim, inovasyon ve toplumsal cinsiyet e\u015fitli\u011fi gibi ortak de\u011ferleri yans\u0131t\u0131yor.<\/p>\n<p>Yetkililere g\u00f6re bu \u00fclkelerden gelen yat\u0131r\u0131mc\u0131lar end\u00fcstriyel \u00f6l\u00e7ek, teknik uzmanl\u0131k ve farkl\u0131 sekt\u00f6rlerde g\u00fc\u00e7l\u00fc kapasite getirirken, ayn\u0131 zamanda faaliyetlerini kurmak ve geni\u015fletmek i\u00e7in yeni f\u0131rsatlar ar\u0131yor. Bu durum hem Ruanda hem de yat\u0131r\u0131mc\u0131lar i\u00e7in kar\u015f\u0131l\u0131kl\u0131 fayda sa\u011flayan bir ortam olu\u015fturuyor.<\/p>\n<p>Stratejinin \u00f6nemli unsurlar\u0131ndan biri \u201cs\u00fcrd\u00fcr\u00fclebilir finans taksonomisi\u201dnin olu\u015fturulmas\u0131d\u0131r. Bu sistem, hangi yat\u0131r\u0131mlar\u0131n \u201cye\u015fil\u201d veya \u00e7evresel olarak s\u00fcrd\u00fcr\u00fclebilir kabul edilece\u011fini belirleyen bir rehber niteli\u011findedir. B\u00f6ylece yat\u0131r\u0131mc\u0131lar\u0131n iklim ve s\u00fcrd\u00fcr\u00fclebilirlik kriterlerine uygun projeleri daha kolay belirlemesi ve finans sekt\u00f6r\u00fcnde \u015feffafl\u0131\u011f\u0131n art\u0131r\u0131lmas\u0131 hedefleniyor.<\/p>\n<p>Kigali International Financial Center Yat\u0131r\u0131m Direkt\u00f6r\u00fc Jean Marie Kananura, bu taksonominin \u00f6zellikle \u015fu alanlara sermaye ak\u0131\u015f\u0131n\u0131 destekleyece\u011fini belirtti:<\/p>\n<ul>\n<li>\n<p>Yenilenebilir enerji<\/p>\n<\/li>\n<li>\n<p>\u0130klime dayan\u0131kl\u0131 altyap\u0131<\/p>\n<\/li>\n<li>\n<p>Do\u011fa koruma projeleri<\/p>\n<\/li>\n<li>\n<p>S\u00fcrd\u00fcr\u00fclebilir tar\u0131m<\/p>\n<\/li>\n<\/ul>\n<p>Kananura ayr\u0131ca \u015fu bilgileri payla\u015ft\u0131:<\/p>\n<p>\u201cRuanda, resmi s\u00fcrd\u00fcr\u00fclebilir finans taksonomisine sahip az say\u0131daki \u00fclkeden biridir. Buna ek olarak vergi te\u015fvikleri ve sermaye piyasas\u0131nda \u2018ye\u015fil pencere\u2019 uygulamas\u0131 bulunuyor. B\u00f6ylece yat\u0131r\u0131mc\u0131lar ye\u015fil projeler i\u00e7in euro, dolar veya di\u011fer para birimleriyle fon toplayabiliyor.\u201d<\/p>\n<p>Bunun yan\u0131nda Ruanda\u2019da:<\/p>\n<ul>\n<li>\n<p>Yenilik\u00e7i \u00e7\u00f6z\u00fcmleri test etmek i\u00e7in d\u00fczenleyici \u201csandbox\u201d ortamlar\u0131<\/p>\n<\/li>\n<li>\n<p>Fintech ve etki yat\u0131r\u0131mc\u0131lar\u0131na destek mekanizmalar\u0131<\/p>\n<\/li>\n<li>\n<p>Varl\u0131k y\u00f6netimi i\u00e7in yeni bir yasal \u00e7er\u00e7eve<\/p>\n<\/li>\n<\/ul>\n<p>olu\u015fturuldu. Ama\u00e7, y\u00fcksek varl\u0131kl\u0131 bireylerin servetlerini Ruanda\u2019da y\u00f6netebilece\u011fi ve b\u00fcy\u00fctebilece\u011fi bir merkez olu\u015fturmak, ayn\u0131 zamanda giri\u015fimlerin ve \u015firketlerin Afrika genelinde b\u00fcy\u00fcmesini desteklemek.<\/p>\n<p>Bu giri\u015fimler birlikte \u015feffafl\u0131\u011f\u0131 art\u0131rmay\u0131, b\u00f6lgesel ve uluslararas\u0131 sermayeyi \u00e7ekmeyi ve s\u00fcrd\u00fcr\u00fclebilir ekonomik b\u00fcy\u00fcmeyi desteklemeyi ama\u00e7l\u0131yor.<\/p>\n<p>Ruanda ayr\u0131ca sermaye piyasalar\u0131 \u00fczerinden ye\u015fil finansman f\u0131rsatlar\u0131n\u0131 geni\u015fletti. Art\u0131k s\u00fcrd\u00fcr\u00fclebilir projeler Rwanda Stock Exchange \u00fczerinden fon toplayabiliyor ve ye\u015fil tahviller ile iklim ba\u011flant\u0131l\u0131 finansal ara\u00e7lar borsada i\u015flem g\u00f6rebiliyor.<\/p>\n<p>Yetkililer, bu ad\u0131m\u0131n iklim projelerini hem b\u00f6lgesel hem de uluslararas\u0131 s\u00fcrd\u00fcr\u00fclebilir yat\u0131r\u0131mc\u0131larla bulu\u015fturmay\u0131 hedefledi\u011fini belirtiyor.<\/p>\n<p>Nordik \u00fclkeler nezdinde Ruanda B\u00fcy\u00fckel\u00e7isi Diane Gashumba, yat\u0131r\u0131m ortam\u0131na ili\u015fkin \u015fu de\u011ferlendirmeyi yapt\u0131:<\/p>\n<p>\u201cRuanda\u2019n\u0131n g\u00fcvenli ve istikrarl\u0131 ortam\u0131 ile yat\u0131r\u0131mc\u0131 dostu i\u015f iklimi yat\u0131r\u0131mc\u0131lar\u0131 \u00e7ekmeye devam ediyor. Mevcut yat\u0131r\u0131mc\u0131lar\u0131n olumlu deneyimleri yeni yat\u0131r\u0131mc\u0131lar\u0131n da \u00fclkeye y\u00f6nelmesini sa\u011fl\u0131yor.\u201d<\/p>\n<p>Gashumba ayr\u0131ca \u015fu geli\u015fmeleri vurgulad\u0131:<\/p>\n<ul>\n<li>\n<p>Son forumdan bu yana 3 Ruandal\u0131 \u00fcniversite daha Nordik \u00fcniversiteleriyle i\u015f birli\u011fine kat\u0131ld\u0131.<\/p>\n<\/li>\n<li>\n<p>Ge\u00e7en y\u0131l e\u011fitim ve teknoloji alan\u0131nda imzalanan 8 s\u00f6zle\u015fme uygulanmaya ba\u015fland\u0131.<\/p>\n<\/li>\n<\/ul>\n<p>Forum ayn\u0131 zamanda Kigali\u2019de Danimarka B\u00fcy\u00fckel\u00e7ili\u011fi\u2019nin a\u00e7\u0131l\u0131\u015f\u0131yla ayn\u0131 d\u00f6neme denk geldi. Bu geli\u015fme iki taraf aras\u0131ndaki diplomatik ve ekonomik ili\u015fkileri g\u00fc\u00e7lendirmeyi hedefliyor.<\/p>\n<p>Uzmanlara g\u00f6re Ruanda, ye\u015fil finans\u0131n yan\u0131 s\u0131ra etki yat\u0131r\u0131m\u0131, fintech, turizm ve inovasyon alanlar\u0131nda da b\u00f6lgesel bir merkez olmay\u0131 hedefliyor. Bu hedef do\u011frultusunda \u00fclke d\u00fczenleyici \u00e7er\u00e7eveler, vergi te\u015fvikleri ve yat\u0131r\u0131m ekosistemini destekleyen hizmet sa\u011flay\u0131c\u0131lar sunmaya devam ediyor.<\/p>\n<\/div>","protected":false},"excerpt":{"rendered":"<p>Ye\u015fil ve s\u00fcrd\u00fcr\u00fclebilir finans, Ruanda\u2019n\u0131n bir\u00e7ok \u00f6ncelikli sekt\u00f6rde yat\u0131r\u0131m \u00e7ekmeye \u00e7al\u0131\u015ft\u0131\u011f\u0131 bir d\u00f6nemde \u00fclkenin \u00f6nemli yat\u0131r\u0131m f\u0131rsatlar\u0131ndan biri olarak \u00f6ne \u00e7\u0131k\u0131yor. 9 Mart Pazartesi g\u00fcn\u00fc Kigali\u2019de d\u00fczenlenen Rwanda\u2013Nordic ve Baltic Business Forum 2026 kapsam\u0131nda yetkililer, turizm, fintech, inovasyon ve s\u00fcrd\u00fcr\u00fclebilir kalk\u0131nma alanlar\u0131nda ortaya \u00e7\u0131kan f\u0131rsatlar\u0131 ele ald\u0131. \u0130kinci Rwanda\u2013Nordic \u0130\u015f Forumu, \u00f6nceki y\u0131l 150 olan &hellip; <a href=\"https:\/\/www.sutyo.com\/tr\/nordik-ve-baltik-yatirimcilar-ruandanin-yesil-finans-ekosistemine-ilgi-gosteriyor\/\" class=\"more-link\">Okumaya devam et<span class=\"screen-reader-text\"> &#8220;Nordik ve Balt\u0131k Yat\u0131r\u0131mc\u0131lar Ruanda\u2019n\u0131n Ye\u015fil Finans Ekosistemine \u0130lgi G\u00f6steriyor&#8221;<\/span><\/a><\/p>","protected":false},"author":1271,"featured_media":0,"comment_status":"closed","ping_status":"closed","sticky":false,"template":"","format":"standard","meta":{"_exactmetrics_skip_tracking":false,"_exactmetrics_sitenote_active":false,"_exactmetrics_sitenote_note":"","_exactmetrics_sitenote_category":0,"footnotes":""},"categories":[393],"tags":[],"class_list":["post-5913","post","type-post","status-publish","format-standard","hentry","category-hayvancilik"],"aioseo_notices":[],"_links":{"self":[{"href":"https:\/\/www.sutyo.com\/tr\/wp-json\/wp\/v2\/posts\/5913","targetHints":{"allow":["GET"]}}],"collection":[{"href":"https:\/\/www.sutyo.com\/tr\/wp-json\/wp\/v2\/posts"}],"about":[{"href":"https:\/\/www.sutyo.com\/tr\/wp-json\/wp\/v2\/types\/post"}],"author":[{"embeddable":true,"href":"https:\/\/www.sutyo.com\/tr\/wp-json\/wp\/v2\/users\/1271"}],"replies":[{"embeddable":true,"href":"https:\/\/www.sutyo.com\/tr\/wp-json\/wp\/v2\/comments?post=5913"}],"version-history":[{"count":0,"href":"https:\/\/www.sutyo.com\/tr\/wp-json\/wp\/v2\/posts\/5913\/revisions"}],"wp:attachment":[{"href":"https:\/\/www.sutyo.com\/tr\/wp-json\/wp\/v2\/media?parent=5913"}],"wp:term":[{"taxonomy":"category","embeddable":true,"href":"https:\/\/www.sutyo.com\/tr\/wp-json\/wp\/v2\/categories?post=5913"},{"taxonomy":"post_tag","embeddable":true,"href":"https:\/\/www.sutyo.com\/tr\/wp-json\/wp\/v2\/tags?post=5913"}],"curies":[{"name":"wp","href":"https:\/\/api.w.org\/{rel}","templated":true}]}}