{"id":5905,"date":"2026-03-11T03:03:18","date_gmt":"2026-03-11T03:03:18","guid":{"rendered":"https:\/\/www.sutyo.com\/nakliyeciler-23-marttan-itibaren-abye-sinir-tum-gumruk-kapilarinda-bolgesel-bir-abluka-uygulanmasi-konusunda-anlasti\/"},"modified":"2026-03-11T03:03:18","modified_gmt":"2026-03-11T03:03:18","slug":"nakliyeciler-23-marttan-itibaren-abye-sinir-tum-gumruk-kapilarinda-bolgesel-bir-abluka-uygulanmasi-konusunda-anlasti","status":"publish","type":"post","link":"https:\/\/www.sutyo.com\/tr\/nakliyeciler-23-marttan-itibaren-abye-sinir-tum-gumruk-kapilarinda-bolgesel-bir-abluka-uygulanmasi-konusunda-anlasti\/","title":{"rendered":"Nakliyeciler 23 Mart&#8217;tan \u0130tibaren AB&#8217;ye S\u0131n\u0131r T\u00fcm G\u00fcmr\u00fck Kap\u0131lar\u0131nda B\u00f6lgesel Bir Abluka Uygulanmas\u0131 Konusunda Anla\u015ft\u0131"},"content":{"rendered":"<div>\n<p>Malumlar\u0131 oldu\u011fu \u00fczere, Avrupa Birli\u011fi (AB) taraf\u0131ndan AB \u00fcyesi olmayan ancak ta\u015f\u0131mac\u0131l\u0131k hizmetlerinde vize konusunda kolayl\u0131klar sa\u011flad\u0131\u011f\u0131 Bosna Hersek gibi muhtelif \u00fclkelerin t\u0131r \u015fof\u00f6rlerine 1 Ocak 2025 tarihinden itibaren ge\u00e7erli olmak \u00fczere 180 g\u00fcn i\u00e7inde sadece 90 g\u00fcne kadar vizesiz seyahat edebilmeleri kararla\u015ft\u0131r\u0131lm\u0131\u015ft\u0131. S\u00f6z konusu karar Bosna Hersek kamuoyu nezdinde tepkilere yol a\u00e7m\u0131\u015f olup, t\u0131r \u015fof\u00f6rleri taraf\u0131ndan da zaman zaman protesto edilmektedir.\u00a0 \u00a0<\/p>\n<p>Bu do\u011frultuda Bosna Hersek bas\u0131n\u0131na yans\u0131yan haberlerde \u00f6zetle; Bosna-Hersek ve b\u00f6lge \u00fclkelerindeki (S\u0131rbistan, Karada\u011f ve Makedonya) nakliyecilerin, AB\u2019nin \u00e7\u00f6z\u00fcm i\u00e7in Haziran ay\u0131n\u0131 i\u015faret etmesi \u00fczerine Ocak ay\u0131 sonunda yapt\u0131klar\u0131 gibi 23 Mart\u2019ta AB&#8217;ye s\u0131n\u0131r t\u00fcm g\u00fcmr\u00fck kap\u0131lar\u0131nda abluka uygulamas\u0131 karar\u0131 ald\u0131klar\u0131 ifade edilmektedir. Eylem kapsam\u0131nda yolcu ge\u00e7i\u015flerinin engellenmeyece\u011fi, ithalat i\u015flemleri i\u00e7in ise 72 saatlik bir zaman diliminin akabinde t\u00fcm ge\u00e7i\u015flerin kapat\u0131laca\u011f\u0131 belirtilerek, olumlu bir haber alana kadar eylemlerini s\u00fcrd\u00fcrecekleri ifade edilmektedir.<\/p>\n<p>Keyfiyet M\u00fc\u015favirli\u011fimizce yak\u0131ndan takip edilmektedir.<\/p>\n<\/div>","protected":false},"excerpt":{"rendered":"<p>Malumlar\u0131 oldu\u011fu \u00fczere, Avrupa Birli\u011fi (AB) taraf\u0131ndan AB \u00fcyesi olmayan ancak ta\u015f\u0131mac\u0131l\u0131k hizmetlerinde vize konusunda kolayl\u0131klar sa\u011flad\u0131\u011f\u0131 Bosna Hersek gibi muhtelif \u00fclkelerin t\u0131r \u015fof\u00f6rlerine 1 Ocak 2025 tarihinden itibaren ge\u00e7erli olmak \u00fczere 180 g\u00fcn i\u00e7inde sadece 90 g\u00fcne kadar vizesiz seyahat edebilmeleri kararla\u015ft\u0131r\u0131lm\u0131\u015ft\u0131. S\u00f6z konusu karar Bosna Hersek kamuoyu nezdinde tepkilere yol a\u00e7m\u0131\u015f olup, t\u0131r &hellip; <a href=\"https:\/\/www.sutyo.com\/tr\/nakliyeciler-23-marttan-itibaren-abye-sinir-tum-gumruk-kapilarinda-bolgesel-bir-abluka-uygulanmasi-konusunda-anlasti\/\" class=\"more-link\">Okumaya devam et<span class=\"screen-reader-text\"> &#8220;Nakliyeciler 23 Mart&#8217;tan \u0130tibaren AB&#8217;ye S\u0131n\u0131r T\u00fcm G\u00fcmr\u00fck Kap\u0131lar\u0131nda B\u00f6lgesel Bir Abluka Uygulanmas\u0131 Konusunda Anla\u015ft\u0131&#8221;<\/span><\/a><\/p>","protected":false},"author":1271,"featured_media":0,"comment_status":"closed","ping_status":"closed","sticky":false,"template":"","format":"standard","meta":{"_exactmetrics_skip_tracking":false,"_exactmetrics_sitenote_active":false,"_exactmetrics_sitenote_note":"","_exactmetrics_sitenote_category":0,"footnotes":""},"categories":[393],"tags":[],"class_list":["post-5905","post","type-post","status-publish","format-standard","hentry","category-hayvancilik"],"aioseo_notices":[],"_links":{"self":[{"href":"https:\/\/www.sutyo.com\/tr\/wp-json\/wp\/v2\/posts\/5905","targetHints":{"allow":["GET"]}}],"collection":[{"href":"https:\/\/www.sutyo.com\/tr\/wp-json\/wp\/v2\/posts"}],"about":[{"href":"https:\/\/www.sutyo.com\/tr\/wp-json\/wp\/v2\/types\/post"}],"author":[{"embeddable":true,"href":"https:\/\/www.sutyo.com\/tr\/wp-json\/wp\/v2\/users\/1271"}],"replies":[{"embeddable":true,"href":"https:\/\/www.sutyo.com\/tr\/wp-json\/wp\/v2\/comments?post=5905"}],"version-history":[{"count":0,"href":"https:\/\/www.sutyo.com\/tr\/wp-json\/wp\/v2\/posts\/5905\/revisions"}],"wp:attachment":[{"href":"https:\/\/www.sutyo.com\/tr\/wp-json\/wp\/v2\/media?parent=5905"}],"wp:term":[{"taxonomy":"category","embeddable":true,"href":"https:\/\/www.sutyo.com\/tr\/wp-json\/wp\/v2\/categories?post=5905"},{"taxonomy":"post_tag","embeddable":true,"href":"https:\/\/www.sutyo.com\/tr\/wp-json\/wp\/v2\/tags?post=5905"}],"curies":[{"name":"wp","href":"https:\/\/api.w.org\/{rel}","templated":true}]}}