{"id":5900,"date":"2026-03-11T03:03:13","date_gmt":"2026-03-11T03:03:13","guid":{"rendered":"https:\/\/www.sutyo.com\/guney-afrikali-telekomunikasyon-sirketi-mtn-suriyeden-cekiliyor\/"},"modified":"2026-03-11T03:03:13","modified_gmt":"2026-03-11T03:03:13","slug":"guney-afrikali-telekomunikasyon-sirketi-mtn-suriyeden-cekiliyor","status":"publish","type":"post","link":"https:\/\/www.sutyo.com\/tr\/guney-afrikali-telekomunikasyon-sirketi-mtn-suriyeden-cekiliyor\/","title":{"rendered":"G\u00fcney Afrikal\u0131 Telekom\u00fcnikasyon \u015eirketi MTN Suriye&#8217;den \u00c7ekiliyor"},"content":{"rendered":"<div>\n<p style=\"text-align: left;\">Afrika&#8217;n\u0131n en b\u00fcy\u00fck telekom sa\u011flay\u0131c\u0131s\u0131, G\u00fcney Afrikal\u0131 Telekom\u00fcnikasyon \u015firketi MTN Grup Ba\u015fkan\u0131 ve CEO&#8217;su Ralph Mupita, 2006 y\u0131l\u0131ndan beri hizmet verdi\u011fi Suriye&#8217;den \u00e7ekilme s\u00fcrecini, ge\u00e7ti\u011fimiz hafta Barcelona&#8217;da d\u00fczenlenen Mobil D\u00fcnya Kongresi (MWC) s\u0131ras\u0131nda biraraya geldikleri Suriye Arap Cumhuriyeti \u0130leti\u015fim ve Bilgi Teknolojileri Bakan\u0131 Abdulsalam Haykal ile imzalanan anla\u015fma ile tamamlad\u0131\u011f\u0131n\u0131 a\u00e7\u0131klad\u0131.\u00a0<\/p>\n<p>Toplant\u0131 ile MTN&#8217;nin, i\u015fletme lisans\u0131n\u0131 iade etmeyi gerektiren i\u015ften fiilen \u00e7\u0131kma s\u00fcrecini ba\u015flatt\u0131\u011f\u0131 ve Suriye h\u00fck\u00fcmeti&#8217;nin, MTN Suriye&#8217;nin yerine ge\u00e7ecek 20 y\u0131ll\u0131k lisans i\u00e7in teklifleri kabul etmekte oldu\u011fu bildiriliyor.\u00a0<\/p>\n<p>Bu hareketin, \u015firketin Afganistan, Yemen ve \u0130ran dahil olmak \u00fczere Orta Do\u011fu b\u00f6lgesinde s\u00fcrd\u00fcrd\u00fc\u011f\u00fc faaliyetlerinden \u00e7ekilme, riski azaltma, kuleler ve direkler gibi ana faaliyet alan\u0131 d\u0131\u015f\u0131ndaki varl\u0131klar\u0131 satarak yakla\u015f\u0131k 25 milyar rand kaynak yaratma amac\u0131yla 2019&#8217;da a\u00e7\u0131klanan be\u015f y\u0131ll\u0131k k\u00fc\u00e7\u00fclme plan\u0131n\u0131n bir par\u00e7as\u0131 oldu\u011fu, bu plan kapsam\u0131nda Afganistan ve Yemen&#8217;deki varl\u0131klar\u0131n sat\u0131ld\u0131\u011f\u0131 ancak plan\u0131n \u0130ran aya\u011f\u0131yla ilgili zorluklar\u0131n s\u00fcrd\u00fc\u011f\u00fc belirtiliyor.\u00a0<\/p>\n<p>\u00a0<\/p>\n<p>\u00a0<\/p>\n<p>\u00a0<\/p>\n<p>\u00a0<\/p>\n<\/div>","protected":false},"excerpt":{"rendered":"<p>Afrika&#8217;n\u0131n en b\u00fcy\u00fck telekom sa\u011flay\u0131c\u0131s\u0131, G\u00fcney Afrikal\u0131 Telekom\u00fcnikasyon \u015firketi MTN Grup Ba\u015fkan\u0131 ve CEO&#8217;su Ralph Mupita, 2006 y\u0131l\u0131ndan beri hizmet verdi\u011fi Suriye&#8217;den \u00e7ekilme s\u00fcrecini, ge\u00e7ti\u011fimiz hafta Barcelona&#8217;da d\u00fczenlenen Mobil D\u00fcnya Kongresi (MWC) s\u0131ras\u0131nda biraraya geldikleri Suriye Arap Cumhuriyeti \u0130leti\u015fim ve Bilgi Teknolojileri Bakan\u0131 Abdulsalam Haykal ile imzalanan anla\u015fma ile tamamlad\u0131\u011f\u0131n\u0131 a\u00e7\u0131klad\u0131.\u00a0 Toplant\u0131 ile MTN&#8217;nin, i\u015fletme &hellip; <a href=\"https:\/\/www.sutyo.com\/tr\/guney-afrikali-telekomunikasyon-sirketi-mtn-suriyeden-cekiliyor\/\" class=\"more-link\">Okumaya devam et<span class=\"screen-reader-text\"> &#8220;G\u00fcney Afrikal\u0131 Telekom\u00fcnikasyon \u015eirketi MTN Suriye&#8217;den \u00c7ekiliyor&#8221;<\/span><\/a><\/p>","protected":false},"author":1271,"featured_media":0,"comment_status":"closed","ping_status":"closed","sticky":false,"template":"","format":"standard","meta":{"_exactmetrics_skip_tracking":false,"_exactmetrics_sitenote_active":false,"_exactmetrics_sitenote_note":"","_exactmetrics_sitenote_category":0,"footnotes":""},"categories":[393],"tags":[],"class_list":["post-5900","post","type-post","status-publish","format-standard","hentry","category-hayvancilik"],"aioseo_notices":[],"_links":{"self":[{"href":"https:\/\/www.sutyo.com\/tr\/wp-json\/wp\/v2\/posts\/5900","targetHints":{"allow":["GET"]}}],"collection":[{"href":"https:\/\/www.sutyo.com\/tr\/wp-json\/wp\/v2\/posts"}],"about":[{"href":"https:\/\/www.sutyo.com\/tr\/wp-json\/wp\/v2\/types\/post"}],"author":[{"embeddable":true,"href":"https:\/\/www.sutyo.com\/tr\/wp-json\/wp\/v2\/users\/1271"}],"replies":[{"embeddable":true,"href":"https:\/\/www.sutyo.com\/tr\/wp-json\/wp\/v2\/comments?post=5900"}],"version-history":[{"count":0,"href":"https:\/\/www.sutyo.com\/tr\/wp-json\/wp\/v2\/posts\/5900\/revisions"}],"wp:attachment":[{"href":"https:\/\/www.sutyo.com\/tr\/wp-json\/wp\/v2\/media?parent=5900"}],"wp:term":[{"taxonomy":"category","embeddable":true,"href":"https:\/\/www.sutyo.com\/tr\/wp-json\/wp\/v2\/categories?post=5900"},{"taxonomy":"post_tag","embeddable":true,"href":"https:\/\/www.sutyo.com\/tr\/wp-json\/wp\/v2\/tags?post=5900"}],"curies":[{"name":"wp","href":"https:\/\/api.w.org\/{rel}","templated":true}]}}