{"id":5898,"date":"2026-03-11T03:03:11","date_gmt":"2026-03-11T03:03:11","guid":{"rendered":"https:\/\/www.sutyo.com\/azerbaycanin-iran-ile-olan-kara-sinir-kapilari-yuk-tasimaciligi-icin-yeniden-acildi\/"},"modified":"2026-03-11T03:03:11","modified_gmt":"2026-03-11T03:03:11","slug":"azerbaycanin-iran-ile-olan-kara-sinir-kapilari-yuk-tasimaciligi-icin-yeniden-acildi","status":"publish","type":"post","link":"https:\/\/www.sutyo.com\/tr\/azerbaycanin-iran-ile-olan-kara-sinir-kapilari-yuk-tasimaciligi-icin-yeniden-acildi\/","title":{"rendered":"Azerbaycan&#8217;\u0131n \u0130ran \u0130le Olan Kara S\u0131n\u0131r Kap\u0131lar\u0131 Y\u00fck Ta\u015f\u0131mac\u0131l\u0131\u011f\u0131 \u0130\u00e7in Yeniden A\u00e7\u0131ld\u0131"},"content":{"rendered":"<div>\n<p>Azerbaycan Cumhuriyeti Bakanlar Kurulu&#8217;nun 9 Mart 2026 tarihli a\u00e7\u0131klamas\u0131na g\u00f6re (<em>https:\/\/nk.gov.az\/az\/xeberler\/matbuat-xidmatinin-malumati\/azerbaycan-respublikasi-nazirler-kabinetinin-melum-3472<\/em>), Azerbaycan&#8217;\u0131n Nah\u00e7\u0131van \u00d6zerk b\u00f6lgesine y\u00f6nelik insans\u0131z hava arac\u0131 sald\u0131r\u0131lar\u0131 nedeniyle d\u00f6rt g\u00fcn s\u00fcren ask\u0131ya alma i\u015fleminin ard\u0131ndan, transit halindeki ara\u00e7lar da dahil olmak \u00fczere, her t\u00fcrl\u00fc y\u00fck arac\u0131n\u0131n giri\u015f ve \u00e7\u0131k\u0131\u015f\u0131 Pazartesi g\u00fcn\u00fc (9 Mart 2026) yerel saatle 10:00&#8217;dan itibaren yeniden ba\u015flat\u0131ld\u0131.<\/p>\n<\/div>","protected":false},"excerpt":{"rendered":"<p>Azerbaycan Cumhuriyeti Bakanlar Kurulu&#8217;nun 9 Mart 2026 tarihli a\u00e7\u0131klamas\u0131na g\u00f6re (https:\/\/nk.gov.az\/az\/xeberler\/matbuat-xidmatinin-malumati\/azerbaycan-respublikasi-nazirler-kabinetinin-melum-3472), Azerbaycan&#8217;\u0131n Nah\u00e7\u0131van \u00d6zerk b\u00f6lgesine y\u00f6nelik insans\u0131z hava arac\u0131 sald\u0131r\u0131lar\u0131 nedeniyle d\u00f6rt g\u00fcn s\u00fcren ask\u0131ya alma i\u015fleminin ard\u0131ndan, transit halindeki ara\u00e7lar da dahil olmak \u00fczere, her t\u00fcrl\u00fc y\u00fck arac\u0131n\u0131n giri\u015f ve \u00e7\u0131k\u0131\u015f\u0131 Pazartesi g\u00fcn\u00fc (9 Mart 2026) yerel saatle 10:00&#8217;dan itibaren yeniden ba\u015flat\u0131ld\u0131.<\/p>","protected":false},"author":1271,"featured_media":0,"comment_status":"closed","ping_status":"closed","sticky":false,"template":"","format":"standard","meta":{"_exactmetrics_skip_tracking":false,"_exactmetrics_sitenote_active":false,"_exactmetrics_sitenote_note":"","_exactmetrics_sitenote_category":0,"footnotes":""},"categories":[393],"tags":[],"class_list":["post-5898","post","type-post","status-publish","format-standard","hentry","category-hayvancilik"],"aioseo_notices":[],"_links":{"self":[{"href":"https:\/\/www.sutyo.com\/tr\/wp-json\/wp\/v2\/posts\/5898","targetHints":{"allow":["GET"]}}],"collection":[{"href":"https:\/\/www.sutyo.com\/tr\/wp-json\/wp\/v2\/posts"}],"about":[{"href":"https:\/\/www.sutyo.com\/tr\/wp-json\/wp\/v2\/types\/post"}],"author":[{"embeddable":true,"href":"https:\/\/www.sutyo.com\/tr\/wp-json\/wp\/v2\/users\/1271"}],"replies":[{"embeddable":true,"href":"https:\/\/www.sutyo.com\/tr\/wp-json\/wp\/v2\/comments?post=5898"}],"version-history":[{"count":0,"href":"https:\/\/www.sutyo.com\/tr\/wp-json\/wp\/v2\/posts\/5898\/revisions"}],"wp:attachment":[{"href":"https:\/\/www.sutyo.com\/tr\/wp-json\/wp\/v2\/media?parent=5898"}],"wp:term":[{"taxonomy":"category","embeddable":true,"href":"https:\/\/www.sutyo.com\/tr\/wp-json\/wp\/v2\/categories?post=5898"},{"taxonomy":"post_tag","embeddable":true,"href":"https:\/\/www.sutyo.com\/tr\/wp-json\/wp\/v2\/tags?post=5898"}],"curies":[{"name":"wp","href":"https:\/\/api.w.org\/{rel}","templated":true}]}}