{"id":4010,"date":"2024-09-18T03:02:44","date_gmt":"2024-09-18T03:02:44","guid":{"rendered":"https:\/\/www.sutyo.com\/kyrgyz-trans-logistic-fuari-29-31-ekim-tarihlerinde-biskekte-duzenlenecek\/"},"modified":"2024-09-18T03:02:44","modified_gmt":"2024-09-18T03:02:44","slug":"kyrgyz-trans-logistic-fuari-29-31-ekim-tarihlerinde-biskekte-duzenlenecek","status":"publish","type":"post","link":"https:\/\/www.sutyo.com\/tr\/kyrgyz-trans-logistic-fuari-29-31-ekim-tarihlerinde-biskekte-duzenlenecek\/","title":{"rendered":"Kyrgyz Trans Logistic Fuar\u0131 29-31 Ekim Tarihlerinde Bi\u015fkek&#8217;te D\u00fczenlenecek"},"content":{"rendered":"<div>\n<p>K\u0131rg\u0131zistan&#8217;da Lojistik, ta\u015f\u0131mac\u0131l\u0131k ve depolama ekipmanlar\u0131 fuar\u0131\u00a0 &#8220;Kyrgyz Trans Logistic&#8221; 29-31 Ekim tarihlerinde Bi\u015fkek&#8217;te d\u00fczenlenecek.<\/p>\n<p>Fuar\u0131n potansiyel kat\u0131l\u0131mc\u0131lar\u0131 aras\u0131nda;<\/p>\n<p>1 Tar\u0131m sekt\u00f6r\u00fc\u00a0 2 G\u0131da \u00fcr\u00fcnleri ihracat\u00e7\u0131lar\u0131 ve \u00fcreticileri 3 Toptanc\u0131lar ve perakendeciler 4 G\u0131da d\u0131\u015f\u0131 \u00fcr\u00fcn ihracat\u00e7\u0131lar\u0131 ve \u00fcreticileri<\/p>\n<p>5 Da\u011f\u0131t\u0131m \u015firketleri\u00a0 6 Ticaret merkezleri 7 Depo ekipmanlar\u0131\u00a0 8 Ticaret ve lojistik merkezleri\u00a0 9 Ula\u015f\u0131m \u015firketleri<\/p>\n<p>10 Pazar yerleri\u00a0 11Hafif sanayi\u00a0 12 Fabrikalar\u00a0 13 \u0130n\u015faat\u00a0 14Madencilik ve metalurji 14T\u0131p sekt\u00f6r\u00fc\u00a0 16 Havac\u0131l\u0131k \u015firketleri 17 Devlet Yetkilileri<\/p>\n<p>yer almaktad\u0131r.<\/p>\n<p>\u00a0<\/p>\n<p>Program kapsam\u0131nda ayr\u0131ca;\u00a0<\/p>\n<p>&#8221; Avrasya Ekonomik Birli\u011fi&#8217;nin sorunlar\u0131 ve engelleri, \u00e7\u00f6z\u00fcmler ve beklentiler; &#8220;<\/p>\n<p>&#8221; K\u0131rg\u0131z Cumhuriyeti&#8217;nin \u0130pek Yolu koridorlar\u0131na kat\u0131l\u0131m\u0131, Demiryollar\u0131n\u0131n geli\u015fimi, sorunlar ve beklentiler;&#8221;<\/p>\n<p>&#8221; Trans-Hazar Uluslararas\u0131 Ta\u015f\u0131mac\u0131l\u0131k G\u00fczergah\u0131 Sorunlar\u0131 ve Beklentileri;&#8221;<\/p>\n<p>&#8221; Yerli ta\u015f\u0131y\u0131c\u0131lar i\u00e7in yeni rotalar\u0131n geli\u015ftirilmesi.&#8221;<\/p>\n<p>&#8220;E-Ticaret, Pazar Yerleri. K\u0131rg\u0131z Cumhuriyeti&#8217;nde E-Ticaretin Geli\u015fimi i\u00e7in Beklentiler. K\u00fcresel E-Ticarete Kat\u0131l\u0131m.&#8221;<\/p>\n<p>vb.<\/p>\n<p>gibi alanlarda oturumlar ger\u00e7ekle\u015ftirilmesi planlanmaktad\u0131r.<\/p>\n<p>\u00a0<\/p>\n<p>Fuara ili\u015fkin daha ayr\u0131nt\u0131l\u0131 bilgilere https:\/\/logisticexpo.kg\/ web adresinden ula\u015f\u0131labilmektedir.<\/p>\n<p>\u00a0<\/p>\n<p>\u00a0<\/p>\n<p>\u00a0<\/p>\n<p>\u00a0<\/p>\n<p>\u00a0<\/p>\n<\/div>","protected":false},"excerpt":{"rendered":"<p>K\u0131rg\u0131zistan&#8217;da Lojistik, ta\u015f\u0131mac\u0131l\u0131k ve depolama ekipmanlar\u0131 fuar\u0131\u00a0 &#8220;Kyrgyz Trans Logistic&#8221; 29-31 Ekim tarihlerinde Bi\u015fkek&#8217;te d\u00fczenlenecek. Fuar\u0131n potansiyel kat\u0131l\u0131mc\u0131lar\u0131 aras\u0131nda; 1 Tar\u0131m sekt\u00f6r\u00fc\u00a0 2 G\u0131da \u00fcr\u00fcnleri ihracat\u00e7\u0131lar\u0131 ve \u00fcreticileri 3 Toptanc\u0131lar ve perakendeciler 4 G\u0131da d\u0131\u015f\u0131 \u00fcr\u00fcn ihracat\u00e7\u0131lar\u0131 ve \u00fcreticileri 5 Da\u011f\u0131t\u0131m \u015firketleri\u00a0 6 Ticaret merkezleri 7 Depo ekipmanlar\u0131\u00a0 8 Ticaret ve lojistik merkezleri\u00a0 9 Ula\u015f\u0131m &hellip; <a href=\"https:\/\/www.sutyo.com\/tr\/kyrgyz-trans-logistic-fuari-29-31-ekim-tarihlerinde-biskekte-duzenlenecek\/\" class=\"more-link\">Okumaya devam et<span class=\"screen-reader-text\"> &#8220;Kyrgyz Trans Logistic Fuar\u0131 29-31 Ekim Tarihlerinde Bi\u015fkek&#8217;te D\u00fczenlenecek&#8221;<\/span><\/a><\/p>","protected":false},"author":1271,"featured_media":0,"comment_status":"closed","ping_status":"closed","sticky":false,"template":"","format":"standard","meta":{"_exactmetrics_skip_tracking":false,"_exactmetrics_sitenote_active":false,"_exactmetrics_sitenote_note":"","_exactmetrics_sitenote_category":0,"footnotes":""},"categories":[393],"tags":[],"class_list":["post-4010","post","type-post","status-publish","format-standard","hentry","category-hayvancilik"],"aioseo_notices":[],"_links":{"self":[{"href":"https:\/\/www.sutyo.com\/tr\/wp-json\/wp\/v2\/posts\/4010","targetHints":{"allow":["GET"]}}],"collection":[{"href":"https:\/\/www.sutyo.com\/tr\/wp-json\/wp\/v2\/posts"}],"about":[{"href":"https:\/\/www.sutyo.com\/tr\/wp-json\/wp\/v2\/types\/post"}],"author":[{"embeddable":true,"href":"https:\/\/www.sutyo.com\/tr\/wp-json\/wp\/v2\/users\/1271"}],"replies":[{"embeddable":true,"href":"https:\/\/www.sutyo.com\/tr\/wp-json\/wp\/v2\/comments?post=4010"}],"version-history":[{"count":0,"href":"https:\/\/www.sutyo.com\/tr\/wp-json\/wp\/v2\/posts\/4010\/revisions"}],"wp:attachment":[{"href":"https:\/\/www.sutyo.com\/tr\/wp-json\/wp\/v2\/media?parent=4010"}],"wp:term":[{"taxonomy":"category","embeddable":true,"href":"https:\/\/www.sutyo.com\/tr\/wp-json\/wp\/v2\/categories?post=4010"},{"taxonomy":"post_tag","embeddable":true,"href":"https:\/\/www.sutyo.com\/tr\/wp-json\/wp\/v2\/tags?post=4010"}],"curies":[{"name":"wp","href":"https:\/\/api.w.org\/{rel}","templated":true}]}}