{"id":3970,"date":"2024-08-28T03:05:01","date_gmt":"2024-08-28T03:05:01","guid":{"rendered":"https:\/\/www.sutyo.com\/pegasus-tarafindan-bosna-hersekin-tuzla-sehrine-ucuslarin-baslamasi\/"},"modified":"2024-08-28T03:05:01","modified_gmt":"2024-08-28T03:05:01","slug":"pegasus-tarafindan-bosna-hersekin-tuzla-sehrine-ucuslarin-baslamasi","status":"publish","type":"post","link":"https:\/\/www.sutyo.com\/tr\/pegasus-tarafindan-bosna-hersekin-tuzla-sehrine-ucuslarin-baslamasi\/","title":{"rendered":"Pegasus Taraf\u0131ndan Bosna Hersek&#8217;in Tuzla \u015eehrine U\u00e7u\u015flar\u0131n Ba\u015flamas\u0131"},"content":{"rendered":"<div>\n<p>Pegasus Hava Ta\u015f\u0131mac\u0131l\u0131\u011f\u0131 <em>A.\u015e<\/em> taraf\u0131ndan 24 A\u011fustos 2024 tarihi itibar\u0131yla haftada bir g\u00fcn (cumartesi) olmak \u00fczere Bosna Hersek&#8217;in Tuzla \u015fehrine u\u00e7u\u015flar ba\u015flam\u0131\u015ft\u0131r. \u0130lk u\u00e7u\u015fun ger\u00e7ekle\u015fmesi vesilesiyle Tuzla Uluslararas\u0131 Havaliman\u0131nda d\u00fczenlenen t\u00f6rene Ula\u015ft\u0131rma ve Altyap\u0131 Bakan Yard\u0131mc\u0131s\u0131 Sn. Enver \u0130skurt, Bosna Hersek Federasyonu Tuzla Kantonu Ba\u015fbakan\u0131 Sn. \u0130rfan Halilagi\u00e7, T\u00fcrkiye Cumhuriyeti Saraybosna B\u00fcy\u00fckel\u00e7isi Sn. Sad\u0131k Bab\u00fcr Girgin, Sivil Havac\u0131l\u0131k Genel M\u00fcd\u00fcr\u00fc Sn. Kemal Y\u00fcksek, Pegasus Sat\u0131\u015f ve Network Planlama Direkt\u00f6r\u00fc Sn. Emre Pekesen ve Pegasus Yer \u0130\u015fletme Grup Ba\u015fkan\u0131 Sn. Bo\u011fa\u00e7 U\u011furlutegin ile \u00e7ok say\u0131da bas\u0131n mensubu i\u015ftirak etmi\u015ftir.<\/p>\n<p>T\u00f6rende bas\u0131na deme\u00e7 veren Sn. \u0130skurt taraf\u0131ndan\u00a0Bosna Hersek ve T\u00fcrkiye aras\u0131nda dostane ili\u015fkilere vurgu yap\u0131lm\u0131\u015f ve havac\u0131l\u0131k alan\u0131ndaki bu i\u015fbirli\u011fi ile beraber \u00e7ok g\u00fc\u00e7l\u00fc bir ba\u011f\u0131n daha kurulmu\u015f oldu\u011funa vurgu yap\u0131larak, bu geli\u015fmenin \u00f6zellikle sosyal ili\u015fkiler ile ticaret ve turizm alan\u0131nda \u00e7ok daha iyi geli\u015fmelere vesile olaca\u011f\u0131na inan\u0131ld\u0131\u011f\u0131 ifade edilmi\u015ftir. Ayr\u0131ca Say\u0131n Bakan taraf\u0131ndan Ekim ay\u0131n\u0131n ba\u015flar\u0131nda &#8220;AJet&#8221; taraf\u0131ndan da Tuzla&#8217;ya seferlerin ba\u015flamas\u0131n\u0131n planland\u0131\u011f\u0131 belirtilmi\u015ftir.\u00a0<\/p>\n<p>Pegasus&#8217;un u\u00e7u\u015flar\u0131, Sabiha G\u00f6k\u00e7en Havaliman\u0131&#8217;ndan cumartesi g\u00fcn\u00fc saat 06.50&#8217;de, Tuzla&#8217;dan Sabiha G\u00f6k\u00e7en&#8217;e ise yine ayn\u0131 g\u00fcn 08.50&#8217;de yap\u0131lacak olup, 7 Ekim\u2019den itibaren SAW \u2013 TZL seferlerine ba\u015flayacak Ajet taraf\u0131ndan da Pegasus gibi haftan\u0131n sadece bir g\u00fcn\u00fc (Pazartesi) bu u\u00e7u\u015fun ger\u00e7ekle\u015fmesi planlanmaktad\u0131r.<\/p>\n<p>Son olarak 26 A\u011fustos 2024 tarihinde Bosna Hersek bas\u0131n\u0131na yans\u0131yan bir di\u011fer haberlerde de; Bakan Yard\u0131mc\u0131s\u0131 Sn. \u0130skurt taraf\u0131ndan Bosna Hersek Federasyonu Hersek-Neretva Ba\u015fbakan\u0131 Marija Buha\u010d ile yapm\u0131\u015f olduklar\u0131 g\u00f6r\u00fc\u015fmelerde \u0130stanbul&#8217;dan Mostar&#8217;a da yak\u0131n zamanda u\u00e7u\u015f ger\u00e7ekle\u015ftirmek istediklerine vurgu yap\u0131lm\u0131\u015ft\u0131r.\u00a0<\/p>\n<p>\u00a0<\/p>\n<p>\u00a0<\/p>\n<\/div>","protected":false},"excerpt":{"rendered":"<p>Pegasus Hava Ta\u015f\u0131mac\u0131l\u0131\u011f\u0131 A.\u015e taraf\u0131ndan 24 A\u011fustos 2024 tarihi itibar\u0131yla haftada bir g\u00fcn (cumartesi) olmak \u00fczere Bosna Hersek&#8217;in Tuzla \u015fehrine u\u00e7u\u015flar ba\u015flam\u0131\u015ft\u0131r. \u0130lk u\u00e7u\u015fun ger\u00e7ekle\u015fmesi vesilesiyle Tuzla Uluslararas\u0131 Havaliman\u0131nda d\u00fczenlenen t\u00f6rene Ula\u015ft\u0131rma ve Altyap\u0131 Bakan Yard\u0131mc\u0131s\u0131 Sn. Enver \u0130skurt, Bosna Hersek Federasyonu Tuzla Kantonu Ba\u015fbakan\u0131 Sn. \u0130rfan Halilagi\u00e7, T\u00fcrkiye Cumhuriyeti Saraybosna B\u00fcy\u00fckel\u00e7isi Sn. Sad\u0131k Bab\u00fcr &hellip; <a href=\"https:\/\/www.sutyo.com\/tr\/pegasus-tarafindan-bosna-hersekin-tuzla-sehrine-ucuslarin-baslamasi\/\" class=\"more-link\">Okumaya devam et<span class=\"screen-reader-text\"> &#8220;Pegasus Taraf\u0131ndan Bosna Hersek&#8217;in Tuzla \u015eehrine U\u00e7u\u015flar\u0131n Ba\u015flamas\u0131&#8221;<\/span><\/a><\/p>","protected":false},"author":1271,"featured_media":0,"comment_status":"closed","ping_status":"closed","sticky":false,"template":"","format":"standard","meta":{"_exactmetrics_skip_tracking":false,"_exactmetrics_sitenote_active":false,"_exactmetrics_sitenote_note":"","_exactmetrics_sitenote_category":0,"footnotes":""},"categories":[393],"tags":[],"class_list":["post-3970","post","type-post","status-publish","format-standard","hentry","category-hayvancilik"],"aioseo_notices":[],"_links":{"self":[{"href":"https:\/\/www.sutyo.com\/tr\/wp-json\/wp\/v2\/posts\/3970","targetHints":{"allow":["GET"]}}],"collection":[{"href":"https:\/\/www.sutyo.com\/tr\/wp-json\/wp\/v2\/posts"}],"about":[{"href":"https:\/\/www.sutyo.com\/tr\/wp-json\/wp\/v2\/types\/post"}],"author":[{"embeddable":true,"href":"https:\/\/www.sutyo.com\/tr\/wp-json\/wp\/v2\/users\/1271"}],"replies":[{"embeddable":true,"href":"https:\/\/www.sutyo.com\/tr\/wp-json\/wp\/v2\/comments?post=3970"}],"version-history":[{"count":0,"href":"https:\/\/www.sutyo.com\/tr\/wp-json\/wp\/v2\/posts\/3970\/revisions"}],"wp:attachment":[{"href":"https:\/\/www.sutyo.com\/tr\/wp-json\/wp\/v2\/media?parent=3970"}],"wp:term":[{"taxonomy":"category","embeddable":true,"href":"https:\/\/www.sutyo.com\/tr\/wp-json\/wp\/v2\/categories?post=3970"},{"taxonomy":"post_tag","embeddable":true,"href":"https:\/\/www.sutyo.com\/tr\/wp-json\/wp\/v2\/tags?post=3970"}],"curies":[{"name":"wp","href":"https:\/\/api.w.org\/{rel}","templated":true}]}}