{"id":3794,"date":"2024-05-15T03:01:06","date_gmt":"2024-05-15T03:01:06","guid":{"rendered":"https:\/\/www.sutyo.com\/elektrik-tarifelerinde-degisiklik-yapilmasi-hk\/"},"modified":"2024-05-15T03:01:06","modified_gmt":"2024-05-15T03:01:06","slug":"elektrik-tarifelerinde-degisiklik-yapilmasi-hk","status":"publish","type":"post","link":"https:\/\/www.sutyo.com\/tr\/elektrik-tarifelerinde-degisiklik-yapilmasi-hk\/","title":{"rendered":"Elektrik Tarifelerinde De\u011fi\u015fiklik Yap\u0131lmas\u0131 Hk."},"content":{"rendered":"<div>\n<p>Enerji Bakanl\u0131\u011f\u0131 taraf\u0131ndan bildirildi\u011fine g\u00f6re, K\u0131rg\u0131zistan&#8217;da elektrik fiyatlar\u0131n\u0131n 1 May\u0131s&#8217;tan itibaren artt\u0131r\u0131lmas\u0131 kararla\u015ft\u0131r\u0131ld\u0131. K\u0131rg\u0131zistan&#8217;da 1 May\u0131s&#8217;tan itibaren t\u00fcm son kullan\u0131c\u0131lar i\u00e7in elektrik tarifeleri 2023 y\u0131l\u0131 enflasyon seviyesine g\u00f6re ayarlanacak.<\/p>\n<p>Sonu\u00e7 olarak, 700 kilovata kadar olan t\u00fcketimde n\u00fcfus i\u00e7in elektrik tarifesi 110,8 tiy\u0131n\/kwh , 700 kilovat\u0131n \u00fczerinde &#8211; 239,3 tiy\u0131n\/kwh olacakt\u0131r.<\/p>\n<p>Konuya ili\u015fkin olarak Enerji Bakan\u0131 Sn. Taalaibek Ibraev taraf\u0131ndan yap\u0131lan a\u00e7\u0131klamada;<\/p>\n<p><em>Elektrik tarifelerinde yap\u0131lan son de\u011fi\u015fikliklere biraz a\u00e7\u0131kl\u0131k getirmek istiyorum. K\u0131rg\u0131zistan&#8217;da 2021-2025 Orta Vadeli Tarife Politikas\u0131 Stratejisine g\u00f6re, elektrik tarifesinin y\u0131ll\u0131k olarak enflasyon oran\u0131nda de\u011fi\u015ftirilmesi \u00f6ng\u00f6r\u00fclmektedir. Bu y\u0131l\u0131n May\u0131s ay\u0131n\u0131n ilk g\u00fcn\u00fcnden bu yana art\u0131\u015f y\u00fczde 10,8 ya da 11 tiy\u0131n olmu\u015ftur. Y\u0131ll\u0131k art\u0131\u015f, elektrik \u00fcretim maliyetleri ile t\u00fcketicilere y\u00f6nelik tarifelerin kademeli olarak e\u015fitlenmesi ihtiyac\u0131ndan kaynaklanmaktad\u0131r. Ge\u00e7en y\u0131l, 2023&#8217;te, bir kWh elektri\u011fin maliyeti 2,41 som iken, ev t\u00fcketicileri i\u00e7in tarife 1 May\u0131s&#8217;a kadar 1 som idi. Ortalama olarak, 700 kWh&#8217;e kadar olan kademelendirme dikkate al\u0131narak faturaland\u0131r\u0131ld\u0131\u011f\u0131nda, a\u00e7\u0131k 1,34 somdur. T\u00fcketilen her kWh elektrik, her y\u0131l kartopu gibi biriken bir sorun do\u011furuyor. Bakanlar Kurulu, sonbahar ve k\u0131\u015f aylar\u0131nda gelen a\u011f\u0131r y\u00fckler i\u00e7in ekipman haz\u0131rlama maliyetinin bir k\u0131sm\u0131n\u0131 b\u00fct\u00e7eden ay\u0131rmaktad\u0131r. B\u00f6ylece, yeni okullar, hastaneler, yollar ve di\u011fer \u00f6nemli projelerin in\u015fas\u0131 i\u00e7in devlet fonlar\u0131 enerji sekt\u00f6r\u00fcne aktar\u0131l\u0131rken, sorunlar hala \u00e7\u00f6z\u00fclmedi. Enerji \u015firketleri art\u0131k yeni HES&#8217;ler in\u015fa etmeyi planlam\u0131yor, sadece kullan\u0131m \u00f6mr\u00fcn\u00fc \u00e7oktan doldurmu\u015f ekipmanlar\u0131n onar\u0131m\u0131yla u\u011fra\u015f\u0131yorlar. Tarifelerde kademeli bir art\u0131\u015fa \u015fimdi ba\u015flanmaz ve birka\u00e7 y\u0131l i\u00e7inde elektrik maliyetine e\u015fitlenmezse, enerji sisteminin ana ekipman\u0131n\u0131n tamamen \u00e7\u00f6kme riski vard\u0131r. Ekonomik kalk\u0131nman\u0131n temeli olmas\u0131 gereken sanayinin deste\u011fe ihtiyac\u0131 vard\u0131r. T\u00fcketim her y\u0131l %9-10 oran\u0131nda art\u0131yor ve yeni kapasiteler devreye al\u0131nm\u0131yor. Bildi\u011fimiz gibi enerji sekt\u00f6r\u00fcnde mevcut elektrik a\u00e7\u0131\u011f\u0131 y\u0131ll\u0131k 3,5 milyar kWh&#8217;dir. Vatanda\u015flar\u0131m\u0131z\u0131n \u00e7o\u011funlu\u011fu i\u00e7in 11 tiy\u0131n&#8217;un \u00f6nemli bir miktar olmad\u0131\u011f\u0131na inan\u0131yorum. Sosyal korumaya ihtiyac\u0131 olanlar i\u00e7in tarife 1 kWh ba\u015f\u0131na 55 tiy\u0131n olacakt\u0131r. Ve yayla b\u00f6lgelerinde 700 kWh s\u0131n\u0131r\u0131 yoktur. Bu b\u00f6lgelerde ya\u015fayanlar 1 som 11 tiy\u0131n \u00f6deyeceklerdir.Tarifelerin sistematik ve kademeli olarak elektrik \u00fcretim maliyetine y\u00fckseltilmesi, sekt\u00f6r\u00fcn geli\u015fimi i\u00e7in bir temel olu\u015fturmaya y\u00f6nelik ilk ad\u0131md\u0131r. K\u0131rg\u0131zistan \u00f6nemli bir hidroelektrik potansiyeline sahiptir. On kat daha fazla elektrik \u00fcretebilir ve su kaynaklar\u0131m\u0131z\u0131 rasyonel bir \u015fekilde kullanabiliriz. Geriye kalan tek \u015fey enerji m\u00fchendislerimizi desteklemektir&#8221;\u00a0<\/em><\/p>\n<p>hususlar\u0131 bildirilmektedir.<\/p>\n<p>\u00a0<\/p>\n<p>Elektrik tarifelerine ili\u015fkin bilgilere\u00a0 <span style=\"text-decoration: underline;\">https:\/\/regultek.gov.kg\/ru\/activities\/3\/3<\/span>\u00a0 \u00a0ve\u00a0 <span style=\"text-decoration: underline;\">https:\/\/nesk.kg\/ru\/abonentam\/tarif\/<\/span>\u00a0 web adreslerinden ula\u015f\u0131labilmektedir.<\/p>\n<p>\u00a0<\/p>\n<p><strong>Kaynak: https:\/\/24.kg\/obschestvo\/292721_vkyirgyizstane_s1maya_podorojaet_elektrichestvo\/<\/strong><\/p>\n<p><strong>\u00a0 \u00a0 \u00a0 \u00a0 \u00a0 \u00a0 https:\/\/minenergo.gov.kg\/ru\/news\/520<\/strong><\/p>\n<p>\u00a0<\/p>\n<\/div>","protected":false},"excerpt":{"rendered":"<p>Enerji Bakanl\u0131\u011f\u0131 taraf\u0131ndan bildirildi\u011fine g\u00f6re, K\u0131rg\u0131zistan&#8217;da elektrik fiyatlar\u0131n\u0131n 1 May\u0131s&#8217;tan itibaren artt\u0131r\u0131lmas\u0131 kararla\u015ft\u0131r\u0131ld\u0131. K\u0131rg\u0131zistan&#8217;da 1 May\u0131s&#8217;tan itibaren t\u00fcm son kullan\u0131c\u0131lar i\u00e7in elektrik tarifeleri 2023 y\u0131l\u0131 enflasyon seviyesine g\u00f6re ayarlanacak. Sonu\u00e7 olarak, 700 kilovata kadar olan t\u00fcketimde n\u00fcfus i\u00e7in elektrik tarifesi 110,8 tiy\u0131n\/kwh , 700 kilovat\u0131n \u00fczerinde &#8211; 239,3 tiy\u0131n\/kwh olacakt\u0131r. Konuya ili\u015fkin olarak Enerji Bakan\u0131 &hellip; <a href=\"https:\/\/www.sutyo.com\/tr\/elektrik-tarifelerinde-degisiklik-yapilmasi-hk\/\" class=\"more-link\">Okumaya devam et<span class=\"screen-reader-text\"> &#8220;Elektrik Tarifelerinde De\u011fi\u015fiklik Yap\u0131lmas\u0131 Hk.&#8221;<\/span><\/a><\/p>","protected":false},"author":1271,"featured_media":0,"comment_status":"closed","ping_status":"closed","sticky":false,"template":"","format":"standard","meta":{"_exactmetrics_skip_tracking":false,"_exactmetrics_sitenote_active":false,"_exactmetrics_sitenote_note":"","_exactmetrics_sitenote_category":0,"footnotes":""},"categories":[393],"tags":[],"class_list":["post-3794","post","type-post","status-publish","format-standard","hentry","category-hayvancilik"],"aioseo_notices":[],"_links":{"self":[{"href":"https:\/\/www.sutyo.com\/tr\/wp-json\/wp\/v2\/posts\/3794","targetHints":{"allow":["GET"]}}],"collection":[{"href":"https:\/\/www.sutyo.com\/tr\/wp-json\/wp\/v2\/posts"}],"about":[{"href":"https:\/\/www.sutyo.com\/tr\/wp-json\/wp\/v2\/types\/post"}],"author":[{"embeddable":true,"href":"https:\/\/www.sutyo.com\/tr\/wp-json\/wp\/v2\/users\/1271"}],"replies":[{"embeddable":true,"href":"https:\/\/www.sutyo.com\/tr\/wp-json\/wp\/v2\/comments?post=3794"}],"version-history":[{"count":0,"href":"https:\/\/www.sutyo.com\/tr\/wp-json\/wp\/v2\/posts\/3794\/revisions"}],"wp:attachment":[{"href":"https:\/\/www.sutyo.com\/tr\/wp-json\/wp\/v2\/media?parent=3794"}],"wp:term":[{"taxonomy":"category","embeddable":true,"href":"https:\/\/www.sutyo.com\/tr\/wp-json\/wp\/v2\/categories?post=3794"},{"taxonomy":"post_tag","embeddable":true,"href":"https:\/\/www.sutyo.com\/tr\/wp-json\/wp\/v2\/tags?post=3794"}],"curies":[{"name":"wp","href":"https:\/\/api.w.org\/{rel}","templated":true}]}}