{"id":3791,"date":"2024-05-15T03:01:00","date_gmt":"2024-05-15T03:01:00","guid":{"rendered":"https:\/\/www.sutyo.com\/cezayir-2023-yilinda-toplam-159-000-arac-ithal-etti\/"},"modified":"2024-05-15T03:01:00","modified_gmt":"2024-05-15T03:01:00","slug":"cezayir-2023-yilinda-toplam-159-000-arac-ithal-etti","status":"publish","type":"post","link":"https:\/\/www.sutyo.com\/tr\/cezayir-2023-yilinda-toplam-159-000-arac-ithal-etti\/","title":{"rendered":"Cezayir 2023 Y\u0131l\u0131nda Toplam 159.000 Ara\u00e7 \u0130thal Etti"},"content":{"rendered":"<div>\n<p>2023 y\u0131l\u0131na kadar ara\u00e7 ithalat\u0131 ask\u0131da olan \u00fclkede, Cezayir\u2019de \u00fcretim amac\u0131yla yat\u0131r\u0131m yap\u0131lmas\u0131 \u015fart\u0131yla verilen toplam 180.000 ara\u00e7l\u0131k ithalat kotalar\u0131 \u00e7er\u00e7evesinde toplam 159.000 ara\u00e7 ithalat\u0131 ger\u00e7ekle\u015ftirilmi\u015f olup, bu say\u0131n\u0131n 138.000\u2019lik k\u0131sm\u0131 binek ve hafif ticari ara\u00e7lardan olu\u015fmu\u015ftur.<\/p>\n<p>\u0130thalat kotalar\u0131 FIAT ve OPEL markalar\u0131 ile baz\u0131 \u00c7inli markalara tahsis edilmi\u015ftir.<\/p>\n<p>Cezayir\u2019in halihaz\u0131rdaki ara\u00e7 park\u0131nda en y\u00fcksek paya sahip Frans\u0131z markalar\u0131na ise kota tahsis edilmemi\u015ftir.<\/p>\n<\/div>","protected":false},"excerpt":{"rendered":"<p>2023 y\u0131l\u0131na kadar ara\u00e7 ithalat\u0131 ask\u0131da olan \u00fclkede, Cezayir\u2019de \u00fcretim amac\u0131yla yat\u0131r\u0131m yap\u0131lmas\u0131 \u015fart\u0131yla verilen toplam 180.000 ara\u00e7l\u0131k ithalat kotalar\u0131 \u00e7er\u00e7evesinde toplam 159.000 ara\u00e7 ithalat\u0131 ger\u00e7ekle\u015ftirilmi\u015f olup, bu say\u0131n\u0131n 138.000\u2019lik k\u0131sm\u0131 binek ve hafif ticari ara\u00e7lardan olu\u015fmu\u015ftur. \u0130thalat kotalar\u0131 FIAT ve OPEL markalar\u0131 ile baz\u0131 \u00c7inli markalara tahsis edilmi\u015ftir. Cezayir\u2019in halihaz\u0131rdaki ara\u00e7 park\u0131nda en y\u00fcksek &hellip; <a href=\"https:\/\/www.sutyo.com\/tr\/cezayir-2023-yilinda-toplam-159-000-arac-ithal-etti\/\" class=\"more-link\">Okumaya devam et<span class=\"screen-reader-text\"> &#8220;Cezayir 2023 Y\u0131l\u0131nda Toplam 159.000 Ara\u00e7 \u0130thal Etti&#8221;<\/span><\/a><\/p>","protected":false},"author":1271,"featured_media":0,"comment_status":"closed","ping_status":"closed","sticky":false,"template":"","format":"standard","meta":{"_exactmetrics_skip_tracking":false,"_exactmetrics_sitenote_active":false,"_exactmetrics_sitenote_note":"","_exactmetrics_sitenote_category":0,"footnotes":""},"categories":[393],"tags":[],"class_list":["post-3791","post","type-post","status-publish","format-standard","hentry","category-hayvancilik"],"aioseo_notices":[],"_links":{"self":[{"href":"https:\/\/www.sutyo.com\/tr\/wp-json\/wp\/v2\/posts\/3791","targetHints":{"allow":["GET"]}}],"collection":[{"href":"https:\/\/www.sutyo.com\/tr\/wp-json\/wp\/v2\/posts"}],"about":[{"href":"https:\/\/www.sutyo.com\/tr\/wp-json\/wp\/v2\/types\/post"}],"author":[{"embeddable":true,"href":"https:\/\/www.sutyo.com\/tr\/wp-json\/wp\/v2\/users\/1271"}],"replies":[{"embeddable":true,"href":"https:\/\/www.sutyo.com\/tr\/wp-json\/wp\/v2\/comments?post=3791"}],"version-history":[{"count":0,"href":"https:\/\/www.sutyo.com\/tr\/wp-json\/wp\/v2\/posts\/3791\/revisions"}],"wp:attachment":[{"href":"https:\/\/www.sutyo.com\/tr\/wp-json\/wp\/v2\/media?parent=3791"}],"wp:term":[{"taxonomy":"category","embeddable":true,"href":"https:\/\/www.sutyo.com\/tr\/wp-json\/wp\/v2\/categories?post=3791"},{"taxonomy":"post_tag","embeddable":true,"href":"https:\/\/www.sutyo.com\/tr\/wp-json\/wp\/v2\/tags?post=3791"}],"curies":[{"name":"wp","href":"https:\/\/api.w.org\/{rel}","templated":true}]}}