{"id":3575,"date":"2023-12-27T03:04:20","date_gmt":"2023-12-27T03:04:20","guid":{"rendered":"https:\/\/www.sutyo.com\/karadag-gsyih-avrupa-birligi-ortalamasinin-%50si-seviyesinde\/"},"modified":"2023-12-27T03:04:20","modified_gmt":"2023-12-27T03:04:20","slug":"karadag-gsyih-avrupa-birligi-ortalamasinin-%50si-seviyesinde","status":"publish","type":"post","link":"https:\/\/www.sutyo.com\/tr\/karadag-gsyih-avrupa-birligi-ortalamasinin-%50si-seviyesinde\/","title":{"rendered":"Karada\u011f: GSY\u0130H, Avrupa Birli\u011fi Ortalamas\u0131n\u0131n %50&#8217;si Seviyesinde"},"content":{"rendered":"<div>\n<p>Eurostat taraf\u0131ndan yay\u0131nlanan nihai istatistiklere g\u00f6re, Karada\u011f&#8217;\u0131n sat\u0131n alma g\u00fcc\u00fc standard\u0131nda ifade edilen ki\u015fi ba\u015f\u0131na gayri safi yurti\u00e7i has\u0131las\u0131, ge\u00e7en y\u0131l AB ortalamas\u0131n\u0131n y\u00fczde 50&#8217;si seviyesindeydi.<\/p>\n<p>Monstat bir bas\u0131n a\u00e7\u0131klamas\u0131nda, Avrupa ortalamas\u0131n\u0131n y\u00fczde 256&#8217;s\u0131 ile L\u00fcksemburg&#8217;un AB&#8217;de sat\u0131n alma g\u00fcc\u00fc standard\u0131nda ifade edilen ki\u015fi ba\u015f\u0131na en y\u00fcksek GSY\u0130H&#8217;ya sahip oldu\u011funu ve bunun AB ortalamas\u0131n\u0131n iki bu\u00e7uk kat\u0131 oldu\u011funu belirtti.<\/p>\n<p>Eurostat, Bulgaristan&#8217;\u0131n AB ortalamas\u0131n\u0131n y\u00fczde 62&#8217;si ile son s\u0131rada yer ald\u0131\u011f\u0131n\u0131 belirtti.<\/p>\n<p>AB ortalamas\u0131n\u0131n y\u00fczde 73&#8217;\u00fc ile H\u0131rvatistan, b\u00f6lgedeki sat\u0131n alma g\u00fcc\u00fc standard\u0131nda ifade edilen ki\u015fi ba\u015f\u0131na en y\u00fcksek GSY\u0130H&#8217;ya sahipken, onu AB ortalamas\u0131n\u0131n y\u00fczde 50&#8217;si ile Karada\u011f izliyor.<\/p>\n<p>Avrupa ortalamas\u0131n\u0131n y\u00fczde 44&#8217;\u00fc ile S\u0131rbistan ikinci s\u0131rada yer al\u0131rken, onu y\u00fczde 42 ile Kuzey Makedonya, y\u00fczde 35 ile Bosna-Hersek ve y\u00fczde 34 ile Arnavutluk takip ediyor.<\/p>\n<p>AB d\u00fczeyinde sat\u0131n alma g\u00fcc\u00fc standard\u0131 ile \u00f6l\u00e7\u00fclen ki\u015fi ba\u015f\u0131na ger\u00e7ek bireysel t\u00fcketim (AIC), Bulgaristan&#8217;da AB ortalamas\u0131n\u0131n y\u00fczde 69&#8217;u ile L\u00fcksemburg&#8217;da AB ortalamas\u0131n\u0131n y\u00fczde 138&#8217;i aras\u0131nda de\u011fi\u015fiyordu.<\/p>\n<p>\u00a0<\/p>\n<p>Kaynak: Karada\u011f Haber Ajans\u0131 (M\u0130NA)<\/p>\n<p>Yay\u0131mlayan: Podgoritsa Ticaret M\u00fc\u015favirli\u011fi<\/p>\n<\/div>","protected":false},"excerpt":{"rendered":"<p>Eurostat taraf\u0131ndan yay\u0131nlanan nihai istatistiklere g\u00f6re, Karada\u011f&#8217;\u0131n sat\u0131n alma g\u00fcc\u00fc standard\u0131nda ifade edilen ki\u015fi ba\u015f\u0131na gayri safi yurti\u00e7i has\u0131las\u0131, ge\u00e7en y\u0131l AB ortalamas\u0131n\u0131n y\u00fczde 50&#8217;si seviyesindeydi. Monstat bir bas\u0131n a\u00e7\u0131klamas\u0131nda, Avrupa ortalamas\u0131n\u0131n y\u00fczde 256&#8217;s\u0131 ile L\u00fcksemburg&#8217;un AB&#8217;de sat\u0131n alma g\u00fcc\u00fc standard\u0131nda ifade edilen ki\u015fi ba\u015f\u0131na en y\u00fcksek GSY\u0130H&#8217;ya sahip oldu\u011funu ve bunun AB ortalamas\u0131n\u0131n iki &hellip; <a href=\"https:\/\/www.sutyo.com\/tr\/karadag-gsyih-avrupa-birligi-ortalamasinin-%50si-seviyesinde\/\" class=\"more-link\">Okumaya devam et<span class=\"screen-reader-text\"> &#8220;Karada\u011f: GSY\u0130H, Avrupa Birli\u011fi Ortalamas\u0131n\u0131n %50&#8217;si Seviyesinde&#8221;<\/span><\/a><\/p>","protected":false},"author":1271,"featured_media":0,"comment_status":"closed","ping_status":"closed","sticky":false,"template":"","format":"standard","meta":{"_exactmetrics_skip_tracking":false,"_exactmetrics_sitenote_active":false,"_exactmetrics_sitenote_note":"","_exactmetrics_sitenote_category":0,"footnotes":""},"categories":[393],"tags":[],"class_list":["post-3575","post","type-post","status-publish","format-standard","hentry","category-hayvancilik"],"aioseo_notices":[],"_links":{"self":[{"href":"https:\/\/www.sutyo.com\/tr\/wp-json\/wp\/v2\/posts\/3575","targetHints":{"allow":["GET"]}}],"collection":[{"href":"https:\/\/www.sutyo.com\/tr\/wp-json\/wp\/v2\/posts"}],"about":[{"href":"https:\/\/www.sutyo.com\/tr\/wp-json\/wp\/v2\/types\/post"}],"author":[{"embeddable":true,"href":"https:\/\/www.sutyo.com\/tr\/wp-json\/wp\/v2\/users\/1271"}],"replies":[{"embeddable":true,"href":"https:\/\/www.sutyo.com\/tr\/wp-json\/wp\/v2\/comments?post=3575"}],"version-history":[{"count":0,"href":"https:\/\/www.sutyo.com\/tr\/wp-json\/wp\/v2\/posts\/3575\/revisions"}],"wp:attachment":[{"href":"https:\/\/www.sutyo.com\/tr\/wp-json\/wp\/v2\/media?parent=3575"}],"wp:term":[{"taxonomy":"category","embeddable":true,"href":"https:\/\/www.sutyo.com\/tr\/wp-json\/wp\/v2\/categories?post=3575"},{"taxonomy":"post_tag","embeddable":true,"href":"https:\/\/www.sutyo.com\/tr\/wp-json\/wp\/v2\/tags?post=3575"}],"curies":[{"name":"wp","href":"https:\/\/api.w.org\/{rel}","templated":true}]}}