{"id":3172,"date":"2025-06-09T04:27:51","date_gmt":"2025-06-09T04:27:51","guid":{"rendered":"https:\/\/www.sutyo.com\/vietnam-elektrigin-%50sini-yenilenebilir-kaynaklardan-uretmeyi-planliyor\/"},"modified":"2025-06-09T04:27:51","modified_gmt":"2025-06-09T04:27:51","slug":"vietnam-elektrigin-%50sini-yenilenebilir-kaynaklardan-uretmeyi-planliyor","status":"publish","type":"post","link":"https:\/\/www.sutyo.com\/tr\/vietnam-elektrigin-%50sini-yenilenebilir-kaynaklardan-uretmeyi-planliyor\/","title":{"rendered":"Vietnam, Elektri\u011fin %50&#8217;sini Yenilenebilir Kaynaklardan \u00dcretmeyi Planl\u0131yor"},"content":{"rendered":"<div>\n<p>Sanayi ve Ticaret Bakanl\u0131\u011f\u0131 pazartesi g\u00fcn\u00fc ge\u00e7 saatlerde yapt\u0131\u011f\u0131 a\u00e7\u0131klamada, Vietnam Ba\u015fbakan\u0131 Pham Minh Chinh&#8217;in 2050 vizyonuyla 2030 Vietnam Enerji Sekt\u00f6r\u00fc Plan\u0131 PDP8&#8217;i onaylad\u0131\u011f\u0131n\u0131 s\u00f6yledi.<\/p>\n<p>PDP8&#8217;e g\u00f6re Vietnam&#8217;\u0131n 2021 ile 2030 y\u0131llar\u0131 aras\u0131nda yeni enerji santralleri ve \u015febekeleri geli\u015ftirmek i\u00e7in 134,7 milyar dolarl\u0131k yat\u0131r\u0131ma ihtiyac\u0131 oldu\u011fu \u00f6ng\u00f6r\u00fcl\u00fcyor.<\/p>\n<p>Enerji \u00fcretim kaynaklar\u0131na bak\u0131ld\u0131\u011f\u0131nda, 2020&#8217;de elektrik \u00fcretimindeki pay\u0131 %29 olan k\u00f6m\u00fcr\u00fcn, 2030&#8217;da %20,5&#8217;e d\u00fc\u015fece\u011fi, do\u011falgaz\u0131n ise 2020&#8217;deki %10,2&#8217;den 2030&#8217;a kadar %21,8&#8217;e y\u00fckselece\u011fi beklenmektedir.<\/p>\n<p>Yenilenebilir kaynaklar\u0131n (hidroelektrik, g\u00fcne\u015f ve r\u00fczgar enerjisi ve biyok\u00fctle dahil) 2030&#8217;a kadar \u00fclkenin toplam elektrik \u00fcretimindeki pay\u0131n\u0131n %50,3&#8217;e tekab\u00fcl edece\u011fi, \u00f6te yandan hidroelektrik kaynakl\u0131 \u00fcretimin ise %20&#8217;ye d\u00fc\u015fece\u011fi belirtilmi\u015ftir.<\/p>\n<p>Bakanl\u0131k, 2030 y\u0131l\u0131na kadar \u00fclkedeki ofis binalar\u0131n\u0131n ve evlerin yar\u0131s\u0131na \u00e7at\u0131daki g\u00fcne\u015f panelleriyle g\u00fc\u00e7 sa\u011flanaca\u011f\u0131n\u0131 ancak bu kayna\u011f\u0131n ulusal \u015febekeye ba\u011flanmayaca\u011f\u0131n\u0131 da a\u00e7\u0131klam\u0131\u015ft\u0131r.<\/p>\n<p>Vietnam, 2050 y\u0131l\u0131na kadar karbon n\u00f6trl\u00fc\u011f\u00fcne ula\u015fmaya \u00e7al\u0131\u015f\u0131yor.\u00a0<\/p>\n<p>Plana ve yeni enerji projelerine y\u00f6nelik duyurular kamuya a\u00e7\u0131ld\u0131\u011f\u0131nda Bakanl\u0131\u011f\u0131m\u0131z D\u0131\u015f Talepler B\u00fclteninde payla\u015f\u0131lacakt\u0131r.\u00a0<\/p>\n<p>Kaynak: <a href=\"https:\/\/theinvestor.vn\/vietnam-plans-to-generate-50-of-power-from-renewable-sources-by-2030-d4967.html\">https:\/\/theinvestor.vn\/vietnam-plans-to-generate-50-of-power-from-renewable-sources-by-2030-d4967.html<\/a><\/p>\n<\/div>","protected":false},"excerpt":{"rendered":"<p>Sanayi ve Ticaret Bakanl\u0131\u011f\u0131 pazartesi g\u00fcn\u00fc ge\u00e7 saatlerde yapt\u0131\u011f\u0131 a\u00e7\u0131klamada, Vietnam Ba\u015fbakan\u0131 Pham Minh Chinh&#8217;in 2050 vizyonuyla 2030 Vietnam Enerji Sekt\u00f6r\u00fc Plan\u0131 PDP8&#8217;i onaylad\u0131\u011f\u0131n\u0131 s\u00f6yledi. PDP8&#8217;e g\u00f6re Vietnam&#8217;\u0131n 2021 ile 2030 y\u0131llar\u0131 aras\u0131nda yeni enerji santralleri ve \u015febekeleri geli\u015ftirmek i\u00e7in 134,7 milyar dolarl\u0131k yat\u0131r\u0131ma ihtiyac\u0131 oldu\u011fu \u00f6ng\u00f6r\u00fcl\u00fcyor. Enerji \u00fcretim kaynaklar\u0131na bak\u0131ld\u0131\u011f\u0131nda, 2020&#8217;de elektrik \u00fcretimindeki pay\u0131 &hellip; <a href=\"https:\/\/www.sutyo.com\/tr\/vietnam-elektrigin-%50sini-yenilenebilir-kaynaklardan-uretmeyi-planliyor\/\" class=\"more-link\">Okumaya devam et<span class=\"screen-reader-text\"> &#8220;Vietnam, Elektri\u011fin %50&#8217;sini Yenilenebilir Kaynaklardan \u00dcretmeyi Planl\u0131yor&#8221;<\/span><\/a><\/p>","protected":false},"author":1271,"featured_media":0,"comment_status":"closed","ping_status":"closed","sticky":false,"template":"","format":"standard","meta":{"_exactmetrics_skip_tracking":false,"_exactmetrics_sitenote_active":false,"_exactmetrics_sitenote_note":"","_exactmetrics_sitenote_category":0,"footnotes":""},"categories":[393],"tags":[],"class_list":["post-3172","post","type-post","status-publish","format-standard","hentry","category-hayvancilik"],"aioseo_notices":[],"_links":{"self":[{"href":"https:\/\/www.sutyo.com\/tr\/wp-json\/wp\/v2\/posts\/3172","targetHints":{"allow":["GET"]}}],"collection":[{"href":"https:\/\/www.sutyo.com\/tr\/wp-json\/wp\/v2\/posts"}],"about":[{"href":"https:\/\/www.sutyo.com\/tr\/wp-json\/wp\/v2\/types\/post"}],"author":[{"embeddable":true,"href":"https:\/\/www.sutyo.com\/tr\/wp-json\/wp\/v2\/users\/1271"}],"replies":[{"embeddable":true,"href":"https:\/\/www.sutyo.com\/tr\/wp-json\/wp\/v2\/comments?post=3172"}],"version-history":[{"count":0,"href":"https:\/\/www.sutyo.com\/tr\/wp-json\/wp\/v2\/posts\/3172\/revisions"}],"wp:attachment":[{"href":"https:\/\/www.sutyo.com\/tr\/wp-json\/wp\/v2\/media?parent=3172"}],"wp:term":[{"taxonomy":"category","embeddable":true,"href":"https:\/\/www.sutyo.com\/tr\/wp-json\/wp\/v2\/categories?post=3172"},{"taxonomy":"post_tag","embeddable":true,"href":"https:\/\/www.sutyo.com\/tr\/wp-json\/wp\/v2\/tags?post=3172"}],"curies":[{"name":"wp","href":"https:\/\/api.w.org\/{rel}","templated":true}]}}