{"id":2766,"date":"2024-04-22T04:26:12","date_gmt":"2024-04-22T04:26:12","guid":{"rendered":"https:\/\/www.sutyo.com\/afrika-iklim-zirvesi-kongo-demokratik-cumhuriyetinde-basladi\/"},"modified":"2024-04-22T04:26:12","modified_gmt":"2024-04-22T04:26:12","slug":"afrika-iklim-zirvesi-kongo-demokratik-cumhuriyetinde-basladi","status":"publish","type":"post","link":"https:\/\/www.sutyo.com\/tr\/afrika-iklim-zirvesi-kongo-demokratik-cumhuriyetinde-basladi\/","title":{"rendered":"Afrika iklim zirvesi Kongo Demokratik Cumhuriyeti&#8217;nde ba\u015flad\u0131"},"content":{"rendered":"<div>\n<p>Yakla\u015f\u0131k 50 \u00fclkeden \u00c7evre bakanlar\u0131 Pazartesi g\u00fcn\u00fc &#8220;COP27 \u00f6ncesi&#8221; bir iklim zirvesi i\u00e7in Kongo Demokratik Cumhuriyeti&#8217;nde bir araya gelecek ve zengin uluslar\u0131n iklim de\u011fi\u015fikli\u011fiyle m\u00fccadele i\u00e7in harcamalar\u0131 art\u0131rma bask\u0131s\u0131 alt\u0131nda kalmas\u0131 beklenmektedir.<\/p>\n<p>KDC&#8217;nin ba\u015fkenti Kin\u015fasa&#8217;daki g\u00f6r\u00fc\u015fmeler resmi bir g\u00f6r\u00fc\u015fme olmamakta ama \u00e7e\u015fitli \u00fclkelerin ve ye\u015fil gruplar\u0131n \u00f6n\u00fcm\u00fczdeki ay M\u0131s\u0131r&#8217;da bir araya gelecek Birle\u015fmi\u015f Milletler iklim toplant\u0131s\u0131 olan COP27&#8217;den \u00f6nce siyasi pozisyonlar\u0131n\u0131 de\u011ferlendirmelerine izin vermeyi ama\u00e7l\u0131yor.<\/p>\n<p>Kin\u015fasa&#8217;daki Kongo parlamento binas\u0131nda bir a\u00e7\u0131l\u0131\u015f t\u00f6reni yap\u0131lacak, ard\u0131ndan iklim de\u011fi\u015fikli\u011finin hafifletilmesi ve k\u00fcresel \u0131s\u0131nma ve \u015fiddetli hava olaylar\u0131ndan zaten zarar g\u00f6rm\u00fc\u015f \u00fclkelere fon sa\u011flanmas\u0131 \u00fczerine tart\u0131\u015fmalar yap\u0131lacak.<\/p>\n<p>ABD iklim el\u00e7isi John Kerry de dahil olmak \u00fczere yakla\u015f\u0131k 50 \u00fclkeden delegelerin m\u00fczakerelere kat\u0131lmas\u0131 bekleniyor.<\/p>\n<p>\u00a0<\/p>\n<p>\u00a0<\/p>\n<\/div>","protected":false},"excerpt":{"rendered":"<p>Yakla\u015f\u0131k 50 \u00fclkeden \u00c7evre bakanlar\u0131 Pazartesi g\u00fcn\u00fc &#8220;COP27 \u00f6ncesi&#8221; bir iklim zirvesi i\u00e7in Kongo Demokratik Cumhuriyeti&#8217;nde bir araya gelecek ve zengin uluslar\u0131n iklim de\u011fi\u015fikli\u011fiyle m\u00fccadele i\u00e7in harcamalar\u0131 art\u0131rma bask\u0131s\u0131 alt\u0131nda kalmas\u0131 beklenmektedir. KDC&#8217;nin ba\u015fkenti Kin\u015fasa&#8217;daki g\u00f6r\u00fc\u015fmeler resmi bir g\u00f6r\u00fc\u015fme olmamakta ama \u00e7e\u015fitli \u00fclkelerin ve ye\u015fil gruplar\u0131n \u00f6n\u00fcm\u00fczdeki ay M\u0131s\u0131r&#8217;da bir araya gelecek Birle\u015fmi\u015f Milletler iklim &hellip; <a href=\"https:\/\/www.sutyo.com\/tr\/afrika-iklim-zirvesi-kongo-demokratik-cumhuriyetinde-basladi\/\" class=\"more-link\">Okumaya devam et<span class=\"screen-reader-text\"> &#8220;Afrika iklim zirvesi Kongo Demokratik Cumhuriyeti&#8217;nde ba\u015flad\u0131&#8221;<\/span><\/a><\/p>","protected":false},"author":1271,"featured_media":0,"comment_status":"closed","ping_status":"closed","sticky":false,"template":"","format":"standard","meta":{"_exactmetrics_skip_tracking":false,"_exactmetrics_sitenote_active":false,"_exactmetrics_sitenote_note":"","_exactmetrics_sitenote_category":0,"footnotes":""},"categories":[393],"tags":[],"class_list":["post-2766","post","type-post","status-publish","format-standard","hentry","category-hayvancilik"],"aioseo_notices":[],"_links":{"self":[{"href":"https:\/\/www.sutyo.com\/tr\/wp-json\/wp\/v2\/posts\/2766","targetHints":{"allow":["GET"]}}],"collection":[{"href":"https:\/\/www.sutyo.com\/tr\/wp-json\/wp\/v2\/posts"}],"about":[{"href":"https:\/\/www.sutyo.com\/tr\/wp-json\/wp\/v2\/types\/post"}],"author":[{"embeddable":true,"href":"https:\/\/www.sutyo.com\/tr\/wp-json\/wp\/v2\/users\/1271"}],"replies":[{"embeddable":true,"href":"https:\/\/www.sutyo.com\/tr\/wp-json\/wp\/v2\/comments?post=2766"}],"version-history":[{"count":0,"href":"https:\/\/www.sutyo.com\/tr\/wp-json\/wp\/v2\/posts\/2766\/revisions"}],"wp:attachment":[{"href":"https:\/\/www.sutyo.com\/tr\/wp-json\/wp\/v2\/media?parent=2766"}],"wp:term":[{"taxonomy":"category","embeddable":true,"href":"https:\/\/www.sutyo.com\/tr\/wp-json\/wp\/v2\/categories?post=2766"},{"taxonomy":"post_tag","embeddable":true,"href":"https:\/\/www.sutyo.com\/tr\/wp-json\/wp\/v2\/tags?post=2766"}],"curies":[{"name":"wp","href":"https:\/\/api.w.org\/{rel}","templated":true}]}}