{"id":2291,"date":"2024-09-14T04:36:44","date_gmt":"2024-09-14T04:36:44","guid":{"rendered":"https:\/\/www.sutyo.com\/air-serbia-sirbistanin-kraljevo-sehrinden-istanbula-ucus-baslatti\/"},"modified":"2024-09-14T04:36:44","modified_gmt":"2024-09-14T04:36:44","slug":"air-serbia-sirbistanin-kraljevo-sehrinden-istanbula-ucus-baslatti","status":"publish","type":"post","link":"https:\/\/www.sutyo.com\/tr\/air-serbia-sirbistanin-kraljevo-sehrinden-istanbula-ucus-baslatti\/","title":{"rendered":"Air Serbia S\u0131rbistan\u2019\u0131n Kraljevo \u015eehrinden \u0130stanbul&#8217;a U\u00e7u\u015f Ba\u015flatt\u0131"},"content":{"rendered":"<div>\n<p style=\"text-align: justify;\">Air Serbia havayolu \u015firketi S\u0131rbistan\u2019\u0131n Kraljevo \u015fehrindeki Morava havaalan\u0131 ile \u0130stanbul aras\u0131nda direkt u\u00e7u\u015f ba\u015flatm\u0131\u015ft\u0131r. \u015eirket, s\u00f6z konusu rotada \u00c7ar\u015famba ve Pazar g\u00fcnleri olmak \u00fczere haftada iki kez u\u00e7acakt\u0131r. \u015eirket temsilcisi Bosko Rupic, \u0130stanbul&#8217;un S\u0131rbistan\u2019da yer alan \u00fc\u00e7 havaliman\u0131ndan da u\u00e7ulan ilk hedef oldu\u011funu a\u00e7\u0131klam\u0131\u015ft\u0131r. Air Serbia gelecek yaz Kraljevo&#8217;dan Selanik&#8217;e ve Tivat\u2019a giden iki hat daha a\u00e7may\u0131 planlamaktad\u0131r.<\/p>\n<\/div>","protected":false},"excerpt":{"rendered":"<p>Air Serbia havayolu \u015firketi S\u0131rbistan\u2019\u0131n Kraljevo \u015fehrindeki Morava havaalan\u0131 ile \u0130stanbul aras\u0131nda direkt u\u00e7u\u015f ba\u015flatm\u0131\u015ft\u0131r. \u015eirket, s\u00f6z konusu rotada \u00c7ar\u015famba ve Pazar g\u00fcnleri olmak \u00fczere haftada iki kez u\u00e7acakt\u0131r. \u015eirket temsilcisi Bosko Rupic, \u0130stanbul&#8217;un S\u0131rbistan\u2019da yer alan \u00fc\u00e7 havaliman\u0131ndan da u\u00e7ulan ilk hedef oldu\u011funu a\u00e7\u0131klam\u0131\u015ft\u0131r. Air Serbia gelecek yaz Kraljevo&#8217;dan Selanik&#8217;e ve Tivat\u2019a giden iki &hellip; <a href=\"https:\/\/www.sutyo.com\/tr\/air-serbia-sirbistanin-kraljevo-sehrinden-istanbula-ucus-baslatti\/\" class=\"more-link\">Okumaya devam et<span class=\"screen-reader-text\"> &#8220;Air Serbia S\u0131rbistan\u2019\u0131n Kraljevo \u015eehrinden \u0130stanbul&#8217;a U\u00e7u\u015f Ba\u015flatt\u0131&#8221;<\/span><\/a><\/p>","protected":false},"author":1271,"featured_media":0,"comment_status":"closed","ping_status":"closed","sticky":false,"template":"","format":"standard","meta":{"_exactmetrics_skip_tracking":false,"_exactmetrics_sitenote_active":false,"_exactmetrics_sitenote_note":"","_exactmetrics_sitenote_category":0,"footnotes":""},"categories":[393],"tags":[],"class_list":["post-2291","post","type-post","status-publish","format-standard","hentry","category-hayvancilik"],"aioseo_notices":[],"_links":{"self":[{"href":"https:\/\/www.sutyo.com\/tr\/wp-json\/wp\/v2\/posts\/2291","targetHints":{"allow":["GET"]}}],"collection":[{"href":"https:\/\/www.sutyo.com\/tr\/wp-json\/wp\/v2\/posts"}],"about":[{"href":"https:\/\/www.sutyo.com\/tr\/wp-json\/wp\/v2\/types\/post"}],"author":[{"embeddable":true,"href":"https:\/\/www.sutyo.com\/tr\/wp-json\/wp\/v2\/users\/1271"}],"replies":[{"embeddable":true,"href":"https:\/\/www.sutyo.com\/tr\/wp-json\/wp\/v2\/comments?post=2291"}],"version-history":[{"count":0,"href":"https:\/\/www.sutyo.com\/tr\/wp-json\/wp\/v2\/posts\/2291\/revisions"}],"wp:attachment":[{"href":"https:\/\/www.sutyo.com\/tr\/wp-json\/wp\/v2\/media?parent=2291"}],"wp:term":[{"taxonomy":"category","embeddable":true,"href":"https:\/\/www.sutyo.com\/tr\/wp-json\/wp\/v2\/categories?post=2291"},{"taxonomy":"post_tag","embeddable":true,"href":"https:\/\/www.sutyo.com\/tr\/wp-json\/wp\/v2\/tags?post=2291"}],"curies":[{"name":"wp","href":"https:\/\/api.w.org\/{rel}","templated":true}]}}