{"id":2288,"date":"2024-09-12T16:27:57","date_gmt":"2024-09-12T16:27:57","guid":{"rendered":"https:\/\/www.sutyo.com\/karadag-firmalarin-uc-fuarda-kendilerini-sunma-imkanlari-var\/"},"modified":"2024-09-12T16:27:57","modified_gmt":"2024-09-12T16:27:57","slug":"karadag-firmalarin-uc-fuarda-kendilerini-sunma-imkanlari-var","status":"publish","type":"post","link":"https:\/\/www.sutyo.com\/tr\/karadag-firmalarin-uc-fuarda-kendilerini-sunma-imkanlari-var\/","title":{"rendered":"Karada\u011f: Firmalar\u0131n \u00dc\u00e7 Fuarda Kendilerini Sunma \u0130mkanlar\u0131 Var"},"content":{"rendered":"<div>\n<p>G\u0131da Fuar\u0131 ve Mobilya Fuar\u0131\u2019n\u0131n yan\u0131 s\u0131ra 30. Uluslararas\u0131 turizm fuar\u0131 &#8211; Metubs, 30 Mart &#8211; 2 Nisan tarihleri aras\u0131nda ger\u00e7ekle\u015ftirilecek.<\/p>\n<p>Bu fuarlar,\u00a0 Adritic Fair (Adriyatik Fuar\u0131 ) fuar organizasyonu taraf\u0131ndan d\u00fczenlenmektedir.<\/p>\n<p>Adriyatik Fuar\u0131&#8217;n\u0131n web sitesinde yay\u0131nlanan bir davet mektubunda, &#8220;Bu fuarlar\u0131n tarihleri, kendilerini adad\u0131klar\u0131 end\u00fcstrilerin \u00e7\u0131karlar\u0131na en iyi \u015fekilde hizmet etmek ve kat\u0131l\u0131mc\u0131lar\u0131n \u00f6l\u00e7\u00fclebilir bir ba\u015far\u0131 elde etmeleri i\u00e7in en b\u00fcy\u00fck \u015fanslar\u0131 sa\u011flamak \u00fczere planland\u0131\u011f\u0131&#8221; ifade edildi.<\/p>\n<p>Adriyatik Fuar\u0131 ayr\u0131ca, g\u0131da, mobilya, ev, ofis ve i\u00e7 dekorasyon ekipmanlar\u0131 fuarlar\u0131 ile Uluslararas\u0131 turizm ve konaklama ekipmanlar\u0131 fuar\u0131n\u0131n, Karada\u011f ve b\u00f6lgenin geri kalan\u0131ndaki m\u00fc\u015fterileri ve turistlerin yeni ihtiya\u00e7 ve isteklerini kar\u015f\u0131lamak ve \u00fcr\u00fcn ve kapasitelerini sunmak i\u00e7in firmalar i\u00e7in en iyi yerler oldu\u011funu belirtti.<\/p>\n<p>Firma bas\u0131n a\u00e7\u0131klamas\u0131nda, \u201cK\u00fcresel ekonomi, devam eden pandemi s\u0131ras\u0131nda bile nas\u0131l ya\u015fayaca\u011f\u0131n\u0131 ve b\u00fcy\u00fcyece\u011fini &#8216;\u00f6\u011freniyor&#8217;. K\u00fcresel d\u00fczeyde talep beklentileri ve \u00f6ng\u00f6r\u00fcleri o kadar a\u015ft\u0131 ki \u00fcretim ve lojistik zincirlerinde gecikmeler ya\u015fand\u0131\u201d belirterek Covid-19 salg\u0131n\u0131 nedeniyle ticaretin neredeyse tamamen kesintiye u\u011framas\u0131n\u0131n ard\u0131ndan yeni bir d\u00f6nemin ba\u015flad\u0131\u011f\u0131n\u0131 da s\u00f6zlerine ekledi.<\/p>\n<p>Adriyatik Fuar\u0131&#8217;na g\u00f6re, gelen yo\u011fun talebi kar\u015f\u0131lamak, seyahat etmeye hevesli turistlere g\u00fcvenli ve keyifli bir tatil sunmak \u00e7ok b\u00fcy\u00fck bir \u00f6nem ta\u015f\u0131maktad\u0131r.<\/p>\n<p>\u00a0<\/p>\n<p>Kaynak: Karada\u011f Haber Ajans\u0131 MINA<\/p>\n<p>Yay\u0131mlayan: Podgoritsa Ticaret M\u00fc\u015favirli\u011fi<\/p>\n<p>\u00a0<\/p>\n<\/div>","protected":false},"excerpt":{"rendered":"<p>G\u0131da Fuar\u0131 ve Mobilya Fuar\u0131\u2019n\u0131n yan\u0131 s\u0131ra 30. Uluslararas\u0131 turizm fuar\u0131 &#8211; Metubs, 30 Mart &#8211; 2 Nisan tarihleri aras\u0131nda ger\u00e7ekle\u015ftirilecek. Bu fuarlar,\u00a0 Adritic Fair (Adriyatik Fuar\u0131 ) fuar organizasyonu taraf\u0131ndan d\u00fczenlenmektedir. Adriyatik Fuar\u0131&#8217;n\u0131n web sitesinde yay\u0131nlanan bir davet mektubunda, &#8220;Bu fuarlar\u0131n tarihleri, kendilerini adad\u0131klar\u0131 end\u00fcstrilerin \u00e7\u0131karlar\u0131na en iyi \u015fekilde hizmet etmek ve kat\u0131l\u0131mc\u0131lar\u0131n \u00f6l\u00e7\u00fclebilir &hellip; <a href=\"https:\/\/www.sutyo.com\/tr\/karadag-firmalarin-uc-fuarda-kendilerini-sunma-imkanlari-var\/\" class=\"more-link\">Okumaya devam et<span class=\"screen-reader-text\"> &#8220;Karada\u011f: Firmalar\u0131n \u00dc\u00e7 Fuarda Kendilerini Sunma \u0130mkanlar\u0131 Var&#8221;<\/span><\/a><\/p>","protected":false},"author":1271,"featured_media":0,"comment_status":"closed","ping_status":"closed","sticky":false,"template":"","format":"standard","meta":{"_exactmetrics_skip_tracking":false,"_exactmetrics_sitenote_active":false,"_exactmetrics_sitenote_note":"","_exactmetrics_sitenote_category":0,"footnotes":""},"categories":[393],"tags":[],"class_list":["post-2288","post","type-post","status-publish","format-standard","hentry","category-hayvancilik"],"aioseo_notices":[],"_links":{"self":[{"href":"https:\/\/www.sutyo.com\/tr\/wp-json\/wp\/v2\/posts\/2288","targetHints":{"allow":["GET"]}}],"collection":[{"href":"https:\/\/www.sutyo.com\/tr\/wp-json\/wp\/v2\/posts"}],"about":[{"href":"https:\/\/www.sutyo.com\/tr\/wp-json\/wp\/v2\/types\/post"}],"author":[{"embeddable":true,"href":"https:\/\/www.sutyo.com\/tr\/wp-json\/wp\/v2\/users\/1271"}],"replies":[{"embeddable":true,"href":"https:\/\/www.sutyo.com\/tr\/wp-json\/wp\/v2\/comments?post=2288"}],"version-history":[{"count":0,"href":"https:\/\/www.sutyo.com\/tr\/wp-json\/wp\/v2\/posts\/2288\/revisions"}],"wp:attachment":[{"href":"https:\/\/www.sutyo.com\/tr\/wp-json\/wp\/v2\/media?parent=2288"}],"wp:term":[{"taxonomy":"category","embeddable":true,"href":"https:\/\/www.sutyo.com\/tr\/wp-json\/wp\/v2\/categories?post=2288"},{"taxonomy":"post_tag","embeddable":true,"href":"https:\/\/www.sutyo.com\/tr\/wp-json\/wp\/v2\/tags?post=2288"}],"curies":[{"name":"wp","href":"https:\/\/api.w.org\/{rel}","templated":true}]}}