{"id":2286,"date":"2024-09-11T16:24:51","date_gmt":"2024-09-11T16:24:51","guid":{"rendered":"https:\/\/www.sutyo.com\/polonyada-gida-fiyatlarinin-artmasi-bekleniyor\/"},"modified":"2024-09-11T16:24:51","modified_gmt":"2024-09-11T16:24:51","slug":"polonyada-gida-fiyatlarinin-artmasi-bekleniyor","status":"publish","type":"post","link":"https:\/\/www.sutyo.com\/tr\/polonyada-gida-fiyatlarinin-artmasi-bekleniyor\/","title":{"rendered":"Polonya&#8217;da G\u0131da Fiyatlar\u0131n\u0131n Artmas\u0131 Bekleniyor"},"content":{"rendered":"<div>\n<p>Cumhurba\u015fkan\u0131n\u0131n Tar\u0131m Dan\u0131\u015fma Organ\u0131 Ba\u015fkan\u0131, Polonya&#8217;da \u00f6n\u00fcm\u00fczdeki d\u00f6nemde g\u0131da fiyatlar\u0131n\u0131n d\u00fc\u015fen tar\u0131msal \u00fcretim nedeniyle artabilece\u011fini a\u00e7\u0131klad\u0131.\u00a0<\/p>\n<p>Eski bir tar\u0131m bakan\u0131 olan ve \u015fimdi Ba\u015fkan Andrzej Duda&#8217;n\u0131n dan\u0131\u015fma organ\u0131 olan Tar\u0131m ve K\u0131rsal Alanlar Konseyi&#8217;nin Ba\u015fkan\u0131 olan Jan Krzysztof Ardanowski, Katolik Nasz Dziennik gazetesinin hafta sonu say\u0131s\u0131nda bu iddiay\u0131 \u00f6ne s\u00fcrd\u00fc.<\/p>\n<p>Polonya&#8217;da tar\u0131msal \u00fcretimdeki ortalama d\u00fc\u015f\u00fc\u015f\u00fcn yakla\u015f\u0131k y\u00fczde 13&#8217;e ula\u015faca\u011f\u0131 ve \u00f6zellikle bu\u011fday gibi gruplarda d\u00fc\u015f\u00fc\u015f\u00fcn y\u00fczde 20&#8217;yi ge\u00e7ebilece\u011fi tahmin ediliyor.<\/p>\n<p>Ardanowski, pazar\u0131n tedarik aynakl\u0131 olarak sorunlar ya\u015fayaca\u011f\u0131n\u0131 ve s\u00fct ve et s\u0131k\u0131nt\u0131s\u0131 \u00e7ekece\u011fini ve bu durumun y\u00fcksek fiyat olarak raflara yans\u0131yaca\u011f\u0131n\u0131 a\u00e7\u0131klad\u0131.<\/p>\n<p>Ayr\u0131ca, AB&#8217;nin Avrupa ekonomisini daha s\u00fcrd\u00fcr\u00fclebilir bir ekonomiye d\u00f6n\u00fc\u015ft\u00fcrmeye y\u00f6nelik kapsaml\u0131 plan\u0131 olan Avrupa Ye\u015fil Anla\u015fmas\u0131&#8217;n\u0131n Polonya tar\u0131m\u0131 i\u00e7in sonu\u00e7lar\u0131 konusunda da uyar\u0131da bulundu.<\/p>\n<p>\u00a0<\/p>\n<\/div>","protected":false},"excerpt":{"rendered":"<p>Cumhurba\u015fkan\u0131n\u0131n Tar\u0131m Dan\u0131\u015fma Organ\u0131 Ba\u015fkan\u0131, Polonya&#8217;da \u00f6n\u00fcm\u00fczdeki d\u00f6nemde g\u0131da fiyatlar\u0131n\u0131n d\u00fc\u015fen tar\u0131msal \u00fcretim nedeniyle artabilece\u011fini a\u00e7\u0131klad\u0131.\u00a0 Eski bir tar\u0131m bakan\u0131 olan ve \u015fimdi Ba\u015fkan Andrzej Duda&#8217;n\u0131n dan\u0131\u015fma organ\u0131 olan Tar\u0131m ve K\u0131rsal Alanlar Konseyi&#8217;nin Ba\u015fkan\u0131 olan Jan Krzysztof Ardanowski, Katolik Nasz Dziennik gazetesinin hafta sonu say\u0131s\u0131nda bu iddiay\u0131 \u00f6ne s\u00fcrd\u00fc. Polonya&#8217;da tar\u0131msal \u00fcretimdeki ortalama d\u00fc\u015f\u00fc\u015f\u00fcn &hellip; <a href=\"https:\/\/www.sutyo.com\/tr\/polonyada-gida-fiyatlarinin-artmasi-bekleniyor\/\" class=\"more-link\">Okumaya devam et<span class=\"screen-reader-text\"> &#8220;Polonya&#8217;da G\u0131da Fiyatlar\u0131n\u0131n Artmas\u0131 Bekleniyor&#8221;<\/span><\/a><\/p>","protected":false},"author":1271,"featured_media":0,"comment_status":"closed","ping_status":"closed","sticky":false,"template":"","format":"standard","meta":{"_exactmetrics_skip_tracking":false,"_exactmetrics_sitenote_active":false,"_exactmetrics_sitenote_note":"","_exactmetrics_sitenote_category":0,"footnotes":""},"categories":[393],"tags":[],"class_list":["post-2286","post","type-post","status-publish","format-standard","hentry","category-hayvancilik"],"aioseo_notices":[],"_links":{"self":[{"href":"https:\/\/www.sutyo.com\/tr\/wp-json\/wp\/v2\/posts\/2286","targetHints":{"allow":["GET"]}}],"collection":[{"href":"https:\/\/www.sutyo.com\/tr\/wp-json\/wp\/v2\/posts"}],"about":[{"href":"https:\/\/www.sutyo.com\/tr\/wp-json\/wp\/v2\/types\/post"}],"author":[{"embeddable":true,"href":"https:\/\/www.sutyo.com\/tr\/wp-json\/wp\/v2\/users\/1271"}],"replies":[{"embeddable":true,"href":"https:\/\/www.sutyo.com\/tr\/wp-json\/wp\/v2\/comments?post=2286"}],"version-history":[{"count":0,"href":"https:\/\/www.sutyo.com\/tr\/wp-json\/wp\/v2\/posts\/2286\/revisions"}],"wp:attachment":[{"href":"https:\/\/www.sutyo.com\/tr\/wp-json\/wp\/v2\/media?parent=2286"}],"wp:term":[{"taxonomy":"category","embeddable":true,"href":"https:\/\/www.sutyo.com\/tr\/wp-json\/wp\/v2\/categories?post=2286"},{"taxonomy":"post_tag","embeddable":true,"href":"https:\/\/www.sutyo.com\/tr\/wp-json\/wp\/v2\/tags?post=2286"}],"curies":[{"name":"wp","href":"https:\/\/api.w.org\/{rel}","templated":true}]}}