{"id":2211,"date":"2024-04-19T16:33:15","date_gmt":"2024-04-19T16:33:15","guid":{"rendered":"https:\/\/www.sutyo.com\/duyuru\/"},"modified":"2024-04-19T16:33:15","modified_gmt":"2024-04-19T16:33:15","slug":"duyuru","status":"publish","type":"post","link":"https:\/\/www.sutyo.com\/tr\/duyuru\/","title":{"rendered":"Duyuru"},"content":{"rendered":"<div>\n<p>De\u011ferli \u00dcyemiz,<\/p>\n<p>\u00a0<\/p>\n<p>Derne\u011fimizin ertelenen <strong><u>VI. Ola\u011fan Genel Kurul Toplant\u0131s\u0131<\/u><\/strong>, <strong>24 Aral\u0131k 2021<\/strong> Cuma g\u00fcn\u00fc saat 13.30\u2019da <strong>Tar\u0131m ve Orman Bakanl\u0131\u011f\u0131 Kamp\u00fcs\u00fc<\/strong><strong>, Atat\u00fcrk Konferans Salonu<\/strong>\u2019nda (D Kap\u0131s\u0131- Eski\u015fehir Yolu, \u00dcniversiteler Mah. Dumlup\u0131nar Bulvar\u0131, No: 161, \u00c7ankaya\/ANKARA) a\u015fa\u011f\u0131daki yaz\u0131l\u0131 g\u00fcndeme g\u00f6re yap\u0131lacakt\u0131r.<\/p>\n<p>Toplant\u0131ya kat\u0131lman\u0131z sayg\u0131lar\u0131m\u0131zla rica olunur.<\/p>\n<p>\u00a0<\/p>\n<p><strong>AS\u00dcD Y\u00f6netim Kurulu<\/strong><\/p>\n<p>\u00a0<\/p>\n<p>\u00a0<\/p>\n<p><strong><u>G \u00dc N D E M<\/u><\/strong><\/p>\n<p>\u00a0<\/p>\n<ol>\n<li>Yoklama ve A\u00e7\u0131l\u0131\u015f<\/li>\n<li>Genel Kurul Ba\u015fkanl\u0131k Divan\u0131 se\u00e7imi ve Divan Ba\u015fkanl\u0131\u011f\u0131na Genel Kurul tutana\u011f\u0131n\u0131 imzalamas\u0131 i\u00e7in imza yetkisi verilmesi<\/li>\n<li>Sayg\u0131 duru\u015fu ve \u0130stiklal Mar\u015f\u0131<\/li>\n<li>Y\u00f6netim Kurulu Ba\u015fkan\u0131 konu\u015fmas\u0131<\/li>\n<li>2018-2021 y\u0131llar\u0131 Y\u00f6netim Kurulu Faaliyet ve Mali\u00a0raporun okunmas\u0131, m\u00fczakeresi ve ayr\u0131 ayr\u0131 ibras\u0131<\/li>\n<li>2018-2021 y\u0131llar\u0131 Denetim Kurulu Faaliyet Raporunun okunmas\u0131, m\u00fczakeresi ve ibras\u0131<\/li>\n<li>2021-2023 y\u0131llar\u0131 tahmini b\u00fct\u00e7enin okunmas\u0131, onay\u0131 ve harcama kalemleri aras\u0131nda aktarma yap\u0131lmas\u0131 hususunda Y\u00f6netim Kuruluna yetki verilmesi<\/li>\n<li>Yeni Y\u00f6netim Kurulu ve Denetim Kurulu asil ve yedek \u00fcyelerinin se\u00e7imi<\/li>\n<li>AS\u00dcD\u2019\u00fc TGDF\u2019de temsil etmek \u00fczere 1 ba\u015f temsilci ve 2 temsilci se\u00e7imi ve ba\u015f temsilci veya temsilcilerin g\u00f6revden ayr\u0131lmas\u0131 durumunda yeni temsilcilerin se\u00e7ilmesi i\u00e7in Y\u00f6netim Kuruluna yetki verilmesi.<\/li>\n<li>Dilek ve temenniler,<\/li>\n<li>Kapan\u0131\u015f.<\/li>\n<\/ol>\n<p>\u00a0<\/p>\n<p>Sayg\u0131lar\u0131m\u0131zla<\/p>\n<p><strong>\u00a0<\/strong><\/p>\n<p><strong>AS\u00dcD |Ambalajl\u0131 S\u00fct ve S\u00fct \u00dcr\u00fcnleri Sanayicileri Derne\u011fi |<\/strong> <a href=\"http:\/\/www.asuder.org.tr\/\">www.asuder.org.tr<\/a> | (0.312) 284 92 53|O\u011fuzlar Mah.1386 Cad. N:8\/4\u00a0 06520 Balgat- \u00c7ankaya\/Ankara<\/p>\n<p>\u00a0<\/p>\n<p><img loading=\"lazy\" decoding=\"async\" class=\"alignnone size-full wp-image-24494\" src=\"https:\/\/www.sutyo.com\/wp-content\/uploads\/2021\/12\/genelkurul-800x445-1.jpg\" alt=\"\" width=\"800\" height=\"445\"><\/p>\n<p>Sayg\u0131lar\u0131m\u0131zla<\/p>\n<p><strong>\u00a0<\/strong><\/p>\n<p><strong>AS\u00dcD |Ambalajl\u0131 S\u00fct ve S\u00fct \u00dcr\u00fcnleri Sanayicileri Derne\u011fi |<\/strong> <a href=\"http:\/\/www.asuder.org.tr\/\">www.asuder.org.tr<\/a> | (0.312) 284 92 53|O\u011fuzlar Mah.1386 Cad. N:8\/4\u00a0 06520 Balgat- \u00c7ankaya\/Ankara<\/p>\n<\/div>","protected":false},"excerpt":{"rendered":"<p>De\u011ferli \u00dcyemiz, \u00a0 Derne\u011fimizin ertelenen VI. Ola\u011fan Genel Kurul Toplant\u0131s\u0131, 24 Aral\u0131k 2021 Cuma g\u00fcn\u00fc saat 13.30\u2019da Tar\u0131m ve Orman Bakanl\u0131\u011f\u0131 Kamp\u00fcs\u00fc, Atat\u00fcrk Konferans Salonu\u2019nda (D Kap\u0131s\u0131- Eski\u015fehir Yolu, \u00dcniversiteler Mah. Dumlup\u0131nar Bulvar\u0131, No: 161, \u00c7ankaya\/ANKARA) a\u015fa\u011f\u0131daki yaz\u0131l\u0131 g\u00fcndeme g\u00f6re yap\u0131lacakt\u0131r. Toplant\u0131ya kat\u0131lman\u0131z sayg\u0131lar\u0131m\u0131zla rica olunur. \u00a0 AS\u00dcD Y\u00f6netim Kurulu \u00a0 \u00a0 G \u00dc N &hellip; <a href=\"https:\/\/www.sutyo.com\/tr\/duyuru\/\" class=\"more-link\">Okumaya devam et<span class=\"screen-reader-text\"> &#8220;Duyuru&#8221;<\/span><\/a><\/p>","protected":false},"author":1271,"featured_media":0,"comment_status":"closed","ping_status":"closed","sticky":false,"template":"","format":"standard","meta":{"_exactmetrics_skip_tracking":false,"_exactmetrics_sitenote_active":false,"_exactmetrics_sitenote_note":"","_exactmetrics_sitenote_category":0,"footnotes":""},"categories":[393],"tags":[],"class_list":["post-2211","post","type-post","status-publish","format-standard","hentry","category-hayvancilik"],"aioseo_notices":[],"_links":{"self":[{"href":"https:\/\/www.sutyo.com\/tr\/wp-json\/wp\/v2\/posts\/2211","targetHints":{"allow":["GET"]}}],"collection":[{"href":"https:\/\/www.sutyo.com\/tr\/wp-json\/wp\/v2\/posts"}],"about":[{"href":"https:\/\/www.sutyo.com\/tr\/wp-json\/wp\/v2\/types\/post"}],"author":[{"embeddable":true,"href":"https:\/\/www.sutyo.com\/tr\/wp-json\/wp\/v2\/users\/1271"}],"replies":[{"embeddable":true,"href":"https:\/\/www.sutyo.com\/tr\/wp-json\/wp\/v2\/comments?post=2211"}],"version-history":[{"count":0,"href":"https:\/\/www.sutyo.com\/tr\/wp-json\/wp\/v2\/posts\/2211\/revisions"}],"wp:attachment":[{"href":"https:\/\/www.sutyo.com\/tr\/wp-json\/wp\/v2\/media?parent=2211"}],"wp:term":[{"taxonomy":"category","embeddable":true,"href":"https:\/\/www.sutyo.com\/tr\/wp-json\/wp\/v2\/categories?post=2211"},{"taxonomy":"post_tag","embeddable":true,"href":"https:\/\/www.sutyo.com\/tr\/wp-json\/wp\/v2\/tags?post=2211"}],"curies":[{"name":"wp","href":"https:\/\/api.w.org\/{rel}","templated":true}]}}